{"id":24160,"date":"2021-11-09T15:37:21","date_gmt":"2021-11-09T18:37:21","guid":{"rendered":"https:\/\/tvc16.com\/portal\/?p=24160"},"modified":"2021-11-09T15:37:23","modified_gmt":"2021-11-09T18:37:23","slug":"vestibular-cederj-2022-1-inscricoes-terminam-nesta-terca","status":"publish","type":"post","link":"https:\/\/tvc16.com\/portal\/2021\/11\/09\/vestibular-cederj-2022-1-inscricoes-terminam-nesta-terca\/","title":{"rendered":"Vestibular Cederj 2022.1: Inscri\u00e7\u00f5es terminam nesta ter\u00e7a"},"content":{"rendered":"\n<p>O prazo para as inscri\u00e7\u00f5es para o Vestibular Cederj 2022.1 termina\u00a0nesta ter\u00e7a-feira, 9. O pagamento da taxa de inscri\u00e7\u00e3o, no valor de 85,00 (oitenta e cinco reais), dever\u00e1 ser realizado, impreterivelmente, at\u00e9 o dia 10 de novembro. Realiza\u00e7\u00e3o da Funda\u00e7\u00e3o Cecierj, vinculada \u00e0 Secretaria de Estado de Ci\u00eancia, Tecnologia e Inova\u00e7\u00e3o, o concurso visa ao preenchimento de 7.624 vagas em 17 cursos de gradua\u00e7\u00e3o \u00e0 dist\u00e2ncia, oferecidos de forma gratuita por 7 institui\u00e7\u00f5es de ensino superior no \u00e2mbito do Cons\u00f3rcio Cederj.<\/p>\n\n\n\n<p>No Polo de Teres\u00f3polis (Avenida L\u00facio Meira, 233, V\u00e1rzea), a Universidade do Estado do Rio de Janeiro (UERJ) ofertar\u00e1 30 vagas para o curso superior de Pedagogia e 30 para o de Geografia. A prova est\u00e1 prevista para ser realizada no dia 12 de dezembro.<\/p>\n\n\n\n<p>As inscri\u00e7\u00f5es devem ser feitas pelo <a href=\"http:\/\/(https:\/\/www.cecierj.edu.br\/consorcio-cederj\/vestibular\/2022-1\/)\">site da Cederj<\/a>.<\/p>\n\n\n\n<p><strong>Enem<\/strong><\/p>\n\n\n\n<p>O Vestibular Cederj 2022.1 contar\u00e1 com o aproveitamento de notas de mais de uma edi\u00e7\u00e3o do Exame Nacional do Ensino M\u00e9dio (Enem). O candidato que desejar utilizar a nota do Enem deve prestar aten\u00e7\u00e3o \u00e0s regras definidas, no edital, por cada universidade.<\/p>\n","protected":false},"excerpt":{"rendered":"<p>O prazo para as inscri\u00e7\u00f5es para o Vestibular Cederj 2022.1 termina\u00a0nesta ter\u00e7a-feira, 9. O pagamento<\/p>\n","protected":false},"author":2,"featured_media":24161,"comment_status":"open","ping_status":"open","sticky":false,"template":"","format":"standard","meta":{"footnotes":""},"categories":[19,17],"tags":[],"class_list":["post-24160","post","type-post","status-publish","format-standard","has-post-thumbnail","hentry","category-educacao","category-outras-noticias"],"_links":{"self":[{"href":"https:\/\/tvc16.com\/portal\/wp-json\/wp\/v2\/posts\/24160","targetHints":{"allow":["GET"]}}],"collection":[{"href":"https:\/\/tvc16.com\/portal\/wp-json\/wp\/v2\/posts"}],"about":[{"href":"https:\/\/tvc16.com\/portal\/wp-json\/wp\/v2\/types\/post"}],"author":[{"embeddable":true,"href":"https:\/\/tvc16.com\/portal\/wp-json\/wp\/v2\/users\/2"}],"replies":[{"embeddable":true,"href":"https:\/\/tvc16.com\/portal\/wp-json\/wp\/v2\/comments?post=24160"}],"version-history":[{"count":1,"href":"https:\/\/tvc16.com\/portal\/wp-json\/wp\/v2\/posts\/24160\/revisions"}],"predecessor-version":[{"id":24162,"href":"https:\/\/tvc16.com\/portal\/wp-json\/wp\/v2\/posts\/24160\/revisions\/24162"}],"wp:featuredmedia":[{"embeddable":true,"href":"https:\/\/tvc16.com\/portal\/wp-json\/wp\/v2\/media\/24161"}],"wp:attachment":[{"href":"https:\/\/tvc16.com\/portal\/wp-json\/wp\/v2\/media?parent=24160"}],"wp:term":[{"taxonomy":"category","embeddable":true,"href":"https:\/\/tvc16.com\/portal\/wp-json\/wp\/v2\/categories?post=24160"},{"taxonomy":"post_tag","embeddable":true,"href":"https:\/\/tvc16.com\/portal\/wp-json\/wp\/v2\/tags?post=24160"}],"curies":[{"name":"wp","href":"https:\/\/api.w.org\/{rel}","templated":true}]}}