{"id":24392,"date":"2021-11-12T17:27:19","date_gmt":"2021-11-12T20:27:19","guid":{"rendered":"https:\/\/tvc16.com\/portal\/?p=24392"},"modified":"2021-11-12T17:27:21","modified_gmt":"2021-11-12T20:27:21","slug":"feriado-684-mil-passageiros-devem-passar-pelos-aeroportos-da-infraero","status":"publish","type":"post","link":"https:\/\/tvc16.com\/portal\/2021\/11\/12\/feriado-684-mil-passageiros-devem-passar-pelos-aeroportos-da-infraero\/","title":{"rendered":"Feriado: 684 mil passageiros devem passar pelos aeroportos da Infraero"},"content":{"rendered":"\n<p>O feriado prolongado de 15 de novembro, Dia da Proclama\u00e7\u00e3o da Rep\u00fablica, vai intensificar a movimenta\u00e7\u00e3o de passageiros nos 37 aeroportos brasileiros administrados pela Infraero. Segundo a empresa, a expectativa \u00e9 de que transitem 684 mil passageiros nos terminais nos dias 12 e 16 de novembro. Ano passado, 464 mil pessoas embarcaram e desembarcaram nos terminais da empresa entre os dias 13 e 17 de novembro, no mesmo feriado.<img decoding=\"async\" src=\"https:\/\/agenciabrasil.ebc.com.br\/ebc.png?id=1427441&amp;o=node\"><img decoding=\"async\" src=\"https:\/\/agenciabrasil.ebc.com.br\/ebc.gif?id=1427441&amp;o=node\"><\/p>\n\n\n\n<p>De acordo com a Infraero, a proje\u00e7\u00e3o foi elaborada a partir das programa\u00e7\u00f5es informadas pelas empresas a\u00e9reas. Est\u00e3o previstos 5,4 mil pousos e decolagens no per\u00edodo, 40% superior em rela\u00e7\u00e3o aos 3,8 mil voos realizados em 2020. A empresa disse ainda que os dias mais movimentados devem ser hoje (12) e a ter\u00e7a-feira (16), cada dia com 160 mil passageiros e 1,2 mil aeronaves.<\/p>\n\n\n\n<p>A Infraero tamb\u00e9m lembra da necessidade de se adotar medidas sanit\u00e1rias para conter a dissemina\u00e7\u00e3o do v\u00edrus, como o uso obrigat\u00f3rio de m\u00e1scara nos aeroportos e durante toda a viagem, higieniza\u00e7\u00e3o das m\u00e3os e manuten\u00e7\u00e3o do distanciamento social de pelo menos dois metros nos aeroportos.<\/p>\n\n\n\n<p>Al\u00e9m disso, \u00e9 recomendado que os passageiros cheguem ao aeroporto com anteced\u00eancia m\u00ednima de 1h30 para voos dom\u00e9sticos e 3h para voos internacionais. Nos casos de cancelamentos de voos e remarca\u00e7\u00f5es, a orienta\u00e7\u00e3o \u00e9 para que os passageiros fa\u00e7am contato direto com as empresas a\u00e9reas.<\/p>\n\n\n\n<p>Em raz\u00e3o da pandemia, a Ag\u00eancia Nacional de Avia\u00e7\u00e3o Civil (Anac) informa que para os voos realizados at\u00e9 31 de dezembro de 2021, o prazo de reembolso \u00e9 de 12 meses (contados da data do voo). Para os voos programados a partir de 1\u00ba de janeiro de 2022, o prazo de reembolso \u00e9 de 7 dias, contados da solicita\u00e7\u00e3o do passageiro.<\/p>\n","protected":false},"excerpt":{"rendered":"<p>O feriado prolongado de 15 de novembro, Dia da Proclama\u00e7\u00e3o da Rep\u00fablica, vai intensificar a<\/p>\n","protected":false},"author":2,"featured_media":24393,"comment_status":"open","ping_status":"open","sticky":false,"template":"","format":"standard","meta":{"footnotes":""},"categories":[17],"tags":[],"class_list":["post-24392","post","type-post","status-publish","format-standard","has-post-thumbnail","hentry","category-outras-noticias"],"_links":{"self":[{"href":"https:\/\/tvc16.com\/portal\/wp-json\/wp\/v2\/posts\/24392","targetHints":{"allow":["GET"]}}],"collection":[{"href":"https:\/\/tvc16.com\/portal\/wp-json\/wp\/v2\/posts"}],"about":[{"href":"https:\/\/tvc16.com\/portal\/wp-json\/wp\/v2\/types\/post"}],"author":[{"embeddable":true,"href":"https:\/\/tvc16.com\/portal\/wp-json\/wp\/v2\/users\/2"}],"replies":[{"embeddable":true,"href":"https:\/\/tvc16.com\/portal\/wp-json\/wp\/v2\/comments?post=24392"}],"version-history":[{"count":1,"href":"https:\/\/tvc16.com\/portal\/wp-json\/wp\/v2\/posts\/24392\/revisions"}],"predecessor-version":[{"id":24394,"href":"https:\/\/tvc16.com\/portal\/wp-json\/wp\/v2\/posts\/24392\/revisions\/24394"}],"wp:featuredmedia":[{"embeddable":true,"href":"https:\/\/tvc16.com\/portal\/wp-json\/wp\/v2\/media\/24393"}],"wp:attachment":[{"href":"https:\/\/tvc16.com\/portal\/wp-json\/wp\/v2\/media?parent=24392"}],"wp:term":[{"taxonomy":"category","embeddable":true,"href":"https:\/\/tvc16.com\/portal\/wp-json\/wp\/v2\/categories?post=24392"},{"taxonomy":"post_tag","embeddable":true,"href":"https:\/\/tvc16.com\/portal\/wp-json\/wp\/v2\/tags?post=24392"}],"curies":[{"name":"wp","href":"https:\/\/api.w.org\/{rel}","templated":true}]}}