{"id":24402,"date":"2021-11-12T17:40:26","date_gmt":"2021-11-12T20:40:26","guid":{"rendered":"https:\/\/tvc16.com\/portal\/?p=24402"},"modified":"2021-11-12T17:40:28","modified_gmt":"2021-11-12T20:40:28","slug":"museu-nacional-comeca-restauracao-das-fachadas-e-telhados","status":"publish","type":"post","link":"https:\/\/tvc16.com\/portal\/2021\/11\/12\/museu-nacional-comeca-restauracao-das-fachadas-e-telhados\/","title":{"rendered":"Museu Nacional come\u00e7a restaura\u00e7\u00e3o das fachadas e telhados"},"content":{"rendered":"\n<p>O Museu Nacional come\u00e7ou\u00a0hoje\u00a0(12) as obras de restaura\u00e7\u00e3o das fachadas e telhados do Pa\u00e7o de S\u00e3o Crist\u00f3v\u00e3o, atingido por um inc\u00eandio de grandes propor\u00e7\u00f5es em\u00a02 de setembro\u00a0de 2018. A fachada do pr\u00e9dio hist\u00f3rico dever\u00e1 ser restaurada at\u00e9 setembro de 2022, quando se celebra o Bicenten\u00e1rio da Independ\u00eancia do Brasil.<img decoding=\"async\" src=\"https:\/\/agenciabrasil.ebc.com.br\/ebc.png?id=1427435&amp;o=node\"><img decoding=\"async\" src=\"https:\/\/agenciabrasil.ebc.com.br\/ebc.gif?id=1427435&amp;o=node\"><\/p>\n\n\n\n<p>Planejada para ocorrer em etapas, a obra no Pa\u00e7o, na Quinta da Boa Vista, na zona norte da capital fluminense, come\u00e7a pela restaura\u00e7\u00e3o das fachadas e telhados do bloco hist\u00f3rico, o setor que, ainda&nbsp;hoje, congrega elementos arquitet\u00f4nicos e ornamentais representativos do per\u00edodo imperial com acervos cient\u00edficos de grande relev\u00e2ncia, como o Bendeg\u00f3, maior meteorito j\u00e1 encontrado no Brasil.<\/p>\n\n\n\n<p>A obra no monumento hist\u00f3rico vai contemplar a\u00e7\u00f5es como a consolida\u00e7\u00e3o das alvenarias de pedra, mistas e de tijolos maci\u00e7os autoportantes e dos v\u00e3os de portas e janelas, restaura\u00e7\u00e3o das esquadrias, ferragens, gradis remanescentes, r\u00e9plicas e novas portas, janelas, entre outros itens essenciais \u00e0 restaura\u00e7\u00e3o do bem patrimonial tombado pelo Instituto do Patrim\u00f4nio Hist\u00f3rico e Art\u00edstico Nacional (Iphan).&nbsp;<\/p>\n\n\n\n<p>Em uma solenidade dentro do Pa\u00e7o para marcar o in\u00edcio das obras, o diretor do Museu Nacional, Alexander Kellner, destacou a import\u00e2ncia de se devolver para a sociedade o primeiro museu do Brasil o quanto antes.&nbsp;\u201cCom a confian\u00e7a de que os trabalhos ser\u00e3o conduzidos de maneira articulada com o desenvolvimento dos projetos de arquitetura, restauro, paisagismo e museografia, com apoio nacional e internacional.\u201d<\/p>\n\n\n\n<p>\u201cApesar dos tempos sofridos que estamos vivendo, esta \u00e9 uma data a ser comemorada por todos, especialmente aqueles que fazem ci\u00eancia e cultura no Brasil\u201d, disse Kellner.<\/p>\n\n\n\n<p>A reitora da Universidade Federal do Rio&nbsp;de Janeiro&nbsp;(UFRJ), Denise Pires de Carvalho, ressaltou que as equipes do museu e dos escrit\u00f3rios t\u00e9cnicos da UFRJ t\u00eam atuado com resili\u00eancia e comprometimento desde os primeiros trabalhos de resgate.<\/p>\n\n\n\n<p>\u201cEsta obra que iniciamos agora \u00e9 resultado da forte estrutura de governan\u00e7a que estabelecemos com diferentes parceiros e patrocinadores para realizarmos o sonho de termos de volta o Pa\u00e7o Imperial do Museu Nacional totalmente restaurado e aberto ao p\u00fablico. E que novos parceiros possam se agregar ao projeto, fortalecendo esta iniciativa&#8221;, afirmou Denise.<\/p>\n\n\n\n<h2 class=\"wp-block-heading\">Projeto Museu Nacional Vive<\/h2>\n\n\n\n<p>Desde 2020, institui\u00e7\u00f5es brasileiras e internacionais que est\u00e3o empenhadas na reconstru\u00e7\u00e3o do equipamento cultural fazem parte do&nbsp;Projeto Museu Nacional Vive. O&nbsp;projeto tem realizado a\u00e7\u00f5es como a reforma e amplia\u00e7\u00e3o da Biblioteca Central do Museu, a implanta\u00e7\u00e3o do Campus de Pesquisa e Ensino e a prote\u00e7\u00e3o de elementos art\u00edsticos e hist\u00f3ricos do Pa\u00e7o e do Jardim das Princesas. Agora, avan\u00e7a para a fase de obras no Pal\u00e1cio. At\u00e9 o momento, j\u00e1 foram captados R$ 244,8 milh\u00f5es para o&nbsp;restauro do museu.&nbsp;<\/p>\n\n\n\n<p>O Projeto Museu Nacional Vive \u00e9 uma coopera\u00e7\u00e3o entre a UFRJ, a Organiza\u00e7\u00e3o das Na\u00e7\u00f5es Unidas para a Educa\u00e7\u00e3o, a Ci\u00eancia e a Cultura (Unesco) e o Instituto Cultural Vale com patroc\u00ednio do Banco Nacional de Desenvolvimento Econ\u00f4mico e Social (BNDES), do Bradesco e da Vale. Tamb\u00e9m apoiam a iniciativa o Minist\u00e9rio da Educa\u00e7\u00e3o (MEC), a bancada federal do Rio\u00a0de Janeiro, a Assembleia Legislativa do Estado do Rio\u00a0de Janeiro\u00a0(Alerj) e o governo federal, por meio da Lei de Incentivo \u00e0 Cultura.<\/p>\n","protected":false},"excerpt":{"rendered":"<p>O Museu Nacional come\u00e7ou\u00a0hoje\u00a0(12) as obras de restaura\u00e7\u00e3o das fachadas e telhados do Pa\u00e7o de<\/p>\n","protected":false},"author":2,"featured_media":24404,"comment_status":"open","ping_status":"open","sticky":false,"template":"","format":"standard","meta":{"footnotes":""},"categories":[19,17],"tags":[],"class_list":["post-24402","post","type-post","status-publish","format-standard","has-post-thumbnail","hentry","category-educacao","category-outras-noticias"],"_links":{"self":[{"href":"https:\/\/tvc16.com\/portal\/wp-json\/wp\/v2\/posts\/24402","targetHints":{"allow":["GET"]}}],"collection":[{"href":"https:\/\/tvc16.com\/portal\/wp-json\/wp\/v2\/posts"}],"about":[{"href":"https:\/\/tvc16.com\/portal\/wp-json\/wp\/v2\/types\/post"}],"author":[{"embeddable":true,"href":"https:\/\/tvc16.com\/portal\/wp-json\/wp\/v2\/users\/2"}],"replies":[{"embeddable":true,"href":"https:\/\/tvc16.com\/portal\/wp-json\/wp\/v2\/comments?post=24402"}],"version-history":[{"count":1,"href":"https:\/\/tvc16.com\/portal\/wp-json\/wp\/v2\/posts\/24402\/revisions"}],"predecessor-version":[{"id":24405,"href":"https:\/\/tvc16.com\/portal\/wp-json\/wp\/v2\/posts\/24402\/revisions\/24405"}],"wp:featuredmedia":[{"embeddable":true,"href":"https:\/\/tvc16.com\/portal\/wp-json\/wp\/v2\/media\/24404"}],"wp:attachment":[{"href":"https:\/\/tvc16.com\/portal\/wp-json\/wp\/v2\/media?parent=24402"}],"wp:term":[{"taxonomy":"category","embeddable":true,"href":"https:\/\/tvc16.com\/portal\/wp-json\/wp\/v2\/categories?post=24402"},{"taxonomy":"post_tag","embeddable":true,"href":"https:\/\/tvc16.com\/portal\/wp-json\/wp\/v2\/tags?post=24402"}],"curies":[{"name":"wp","href":"https:\/\/api.w.org\/{rel}","templated":true}]}}