{"id":24476,"date":"2021-11-13T16:28:50","date_gmt":"2021-11-13T19:28:50","guid":{"rendered":"https:\/\/tvc16.com\/portal\/?p=24476"},"modified":"2021-11-13T16:28:57","modified_gmt":"2021-11-13T19:28:57","slug":"covid-19-com-um-paciente-em-leito-de-uti-sus-petropolis-tem-menor-taxa-de-ocupacao-na-rede-publica-desde-o-inicio-da-pandemia-152","status":"publish","type":"post","link":"https:\/\/tvc16.com\/portal\/2021\/11\/13\/covid-19-com-um-paciente-em-leito-de-uti-sus-petropolis-tem-menor-taxa-de-ocupacao-na-rede-publica-desde-o-inicio-da-pandemia-152\/","title":{"rendered":"Covid-19: com um paciente em leito de UTI SUS, Petr\u00f3polis tem menor taxa de ocupa\u00e7\u00e3o na rede p\u00fablica desde o in\u00edcio da pandemia, 1,52%"},"content":{"rendered":"\n<p>Com o avan\u00e7o na vacina\u00e7\u00e3o que alcan\u00e7a 73,64% da popula\u00e7\u00e3o maior de 12 anos com o esquema vacinal completo, Petr\u00f3polis segue registrando \u00edndices cada vez menores na taxa de ocupa\u00e7\u00e3o de leitos destinados a pacientes com covid-19 na cidade. Neta sexta-feira (12\/11) hospitais p\u00fablicos e privados da cidade fecharam o dia com um total de cinco pacientes internados, considerando leitos cl\u00ednicos e de UTI em toda rede de sa\u00fade da cidade &#8211; hospitais p\u00fablicos e privados. O total de interna\u00e7\u00f5es caiu pela metade em rela\u00e7\u00e3o ao quantitativo total de pacientes registrado no dia anterior &#8211; 10.<br>\u201c\u00c9 o resultado da dedica\u00e7\u00e3o de todos os profissionais da rede de sa\u00fade, em especial aqueles que est\u00e3o empenhados para a vacina\u00e7\u00e3o e tamb\u00e9m da colabora\u00e7\u00e3o dos petropolitanos, que entenderam a import\u00e2ncia da vacina para que possamos ter o controle da pandemia\u201d, destaca o prefeito Hingo Hammes.<br>Ao todo tr\u00eas pacientes est\u00e3o internados em leitos de UTI em toda rede de sa\u00fade da cidade. Destes, um est\u00e1 em leito de UTI na rede p\u00fablica, o que significa 1,52% de ocupa\u00e7\u00e3o dos leitos da rede SUS. J\u00e1 a ocupa\u00e7\u00e3o de leitos cl\u00ednicos na rede p\u00fablica permanece em zero pelo terceiro dia consecutivo. Na rede privada, dois pacientes ocupam leitos de clinica m\u00e9dica.<br>\u201cA realidade dos hospitais hoje, com esta queda acentuada e permanente de casos, \u00e9 uma confirma\u00e7\u00e3o di\u00e1ria de que as vacinas salvam vidas. Agradecemos a toda equipe que vem sendo incans\u00e1vel para que a imuniza\u00e7\u00e3o chegue ao maior n\u00famero de pessoas, n\u00e3o apenas com o atendimento nos pontos fixos de vacina\u00e7\u00e3o, mas tamb\u00e9m com a busca ativa pelos ainda n\u00e3o vacinados em a\u00e7\u00f5es realizadas nas comunidades em diferentes pontos da cidade\u201d, destaca o secret\u00e1rio de Sa\u00fade Aloisio Barbosa da Silva Filho.<\/p>\n\n\n\n<ol class=\"wp-block-list\" start=\"12\"><li>11.21 &#8211; Boletim Epidemiol\u00f3gico<\/li><\/ol>\n\n\n\n<p>A taxa de ocupa\u00e7\u00e3o de leitos para pacientes com covid-19 no Sistema \u00danico de Sa\u00fade, nesta sexta-feira (12\/11), permaneceu em 0% para leito cl\u00ednico caiu para 1,52% em leitos de UTI na rede p\u00fablica. Levando em conta toda a rede de sa\u00fade da cidade, somando hospitais p\u00fablicos e privados, s\u00e3o cinco pacientes internados. S\u00e3o tr\u00eas pessoas em leitos de UTIs \u2013 um em leito p\u00fablico e dois em leitos particulares \u2013 e outros dois em leitos cl\u00ednicos da rede privada.<br>At\u00e9 agora, foram realizados no munic\u00edpio 207.589 testes para Covid-19, com 50.014 resultados positivos e 157.462 negativos (levando em considera\u00e7\u00e3o testes r\u00e1pidos e swab).<\/p>\n\n\n\n<p>A Secretaria de Sa\u00fade esclarece que o n\u00famero de \u00f3bitos, hoje em 1.555, \u00e9 atualizado nos boletins apenas ap\u00f3s o registro do atestado de \u00f3bito e do resultado do exame do paciente no sistema da Vigil\u00e2ncia Epidemiol\u00f3gica, o que \u00e9 feito por equipe administrativa. Trata-se de medida de seguran\u00e7a para evitar erro na informa\u00e7\u00e3o divulgada pela Secretaria de Sa\u00fade. \u00c9 poss\u00edvel acompanhar a evolu\u00e7\u00e3o dos casos no portal da transpar\u00eancia do coronav\u00edrus, no site da Prefeitura (www.petropolis.rj.gov.br).<\/p>\n","protected":false},"excerpt":{"rendered":"<p>Com o avan\u00e7o na vacina\u00e7\u00e3o que alcan\u00e7a 73,64% da popula\u00e7\u00e3o maior de 12 anos com<\/p>\n","protected":false},"author":2,"featured_media":24479,"comment_status":"open","ping_status":"open","sticky":false,"template":"","format":"standard","meta":{"footnotes":""},"categories":[1],"tags":[],"class_list":["post-24476","post","type-post","status-publish","format-standard","has-post-thumbnail","hentry","category-uncategorized"],"_links":{"self":[{"href":"https:\/\/tvc16.com\/portal\/wp-json\/wp\/v2\/posts\/24476","targetHints":{"allow":["GET"]}}],"collection":[{"href":"https:\/\/tvc16.com\/portal\/wp-json\/wp\/v2\/posts"}],"about":[{"href":"https:\/\/tvc16.com\/portal\/wp-json\/wp\/v2\/types\/post"}],"author":[{"embeddable":true,"href":"https:\/\/tvc16.com\/portal\/wp-json\/wp\/v2\/users\/2"}],"replies":[{"embeddable":true,"href":"https:\/\/tvc16.com\/portal\/wp-json\/wp\/v2\/comments?post=24476"}],"version-history":[{"count":1,"href":"https:\/\/tvc16.com\/portal\/wp-json\/wp\/v2\/posts\/24476\/revisions"}],"predecessor-version":[{"id":24480,"href":"https:\/\/tvc16.com\/portal\/wp-json\/wp\/v2\/posts\/24476\/revisions\/24480"}],"wp:featuredmedia":[{"embeddable":true,"href":"https:\/\/tvc16.com\/portal\/wp-json\/wp\/v2\/media\/24479"}],"wp:attachment":[{"href":"https:\/\/tvc16.com\/portal\/wp-json\/wp\/v2\/media?parent=24476"}],"wp:term":[{"taxonomy":"category","embeddable":true,"href":"https:\/\/tvc16.com\/portal\/wp-json\/wp\/v2\/categories?post=24476"},{"taxonomy":"post_tag","embeddable":true,"href":"https:\/\/tvc16.com\/portal\/wp-json\/wp\/v2\/tags?post=24476"}],"curies":[{"name":"wp","href":"https:\/\/api.w.org\/{rel}","templated":true}]}}