{"id":24487,"date":"2021-11-13T19:26:27","date_gmt":"2021-11-13T22:26:27","guid":{"rendered":"https:\/\/tvc16.com\/portal\/?p=24487"},"modified":"2021-11-13T19:26:29","modified_gmt":"2021-11-13T22:26:29","slug":"mais-de-1-800-foram-vacinadas-em-petropolis-na-sexta-feira","status":"publish","type":"post","link":"https:\/\/tvc16.com\/portal\/2021\/11\/13\/mais-de-1-800-foram-vacinadas-em-petropolis-na-sexta-feira\/","title":{"rendered":"Mais de 1.800 foram vacinadas em Petr\u00f3polis na sexta-feira"},"content":{"rendered":"\n<p>As equipes de enfermagem, sob coordena\u00e7\u00e3o do departamento de Vigil\u00e2ncia em Sa\u00fade, deram sequ\u00eancia na sexta-feira (12\/11) a vacina\u00e7\u00e3o contra a covid-19. Durante todo o dia, 1.806 pessoas foram vacinadas na cidade. Destas 110 receberam a primeira dose, 1.260 receberam a segunda dose e 436 receberam a dose de refor\u00e7o. At\u00e9 o momento 237.854 pessoas receberam a primeira dose, 185.687 receberam a segunda dose, 6.805 receberam a dose \u00fanica e 24.878 idosos institucionalizados e acamados, idosos maiores de 60 anos, pacientes imunossuprimidos e trabalhadores da Sa\u00fade receberam a dose de refor\u00e7o do imunizante.<\/p>\n\n\n\n<p>Nos pontos de imuniza\u00e7\u00e3o tr\u00eas idosos receberam a segunda dose da vacina. Equipes aplicaram a dose de refor\u00e7o em 350 idosos, dos quais 18 institucionalizados. Tamb\u00e9m receberam o refor\u00e7o nove pacientes imunossuprimidos e 77 trabalhadores da Sa\u00fade.<\/p>\n\n\n\n<p>A primeira dose da vacina foi aplicada ainda em 49 pessoas com idade entre 18 e 59 anos sem comorbidades. Na faixa et\u00e1ria abaixo de 59 anos, 1.164 pessoas tamb\u00e9m receberam a segunda dose. Tamb\u00e9m foram vacinados 127 adolescentes sem comorbidades, sendo 57 com a primeira dose e 70 com a segunda. Dois adolescentes com comorbidades tamb\u00e9m receberam a segunda dose. Um adulto com comorbidade tamb\u00e9m recebeu a primeira dose.<br>Equipes tamb\u00e9m aplicaram a vacina em 11 gestantes, sendo duas com a primeira dose e nove com a segunda dose. Tamb\u00e9m foram vacinadas 11 pu\u00e9rperas, das quais uma com a primeira dose e 10 com a segunda dose.<\/p>\n\n\n\n<p>Tamb\u00e9m receberam a segunda dose do imunizante, dois tabalhadores da Sa\u00fade.<\/p>\n\n\n\n<p>Em caso de d\u00favidas \u00e9 poss\u00edvel utilizar o Whatsapp da Sa\u00fade &#8211; assistente virtual que fornece informa\u00e7\u00f5es sobre a vacina\u00e7\u00e3o, locais de atendimento a pacientes com sintomas da doen\u00e7a e boletins. O atendimento est\u00e1 dispon\u00edvel pelo n\u00famero (24) 9.9200-1428.<\/p>\n","protected":false},"excerpt":{"rendered":"<p>As equipes de enfermagem, sob coordena\u00e7\u00e3o do departamento de Vigil\u00e2ncia em Sa\u00fade, deram sequ\u00eancia na<\/p>\n","protected":false},"author":2,"featured_media":24488,"comment_status":"open","ping_status":"open","sticky":false,"template":"","format":"standard","meta":{"footnotes":""},"categories":[12],"tags":[],"class_list":["post-24487","post","type-post","status-publish","format-standard","has-post-thumbnail","hentry","category-cidade"],"_links":{"self":[{"href":"https:\/\/tvc16.com\/portal\/wp-json\/wp\/v2\/posts\/24487","targetHints":{"allow":["GET"]}}],"collection":[{"href":"https:\/\/tvc16.com\/portal\/wp-json\/wp\/v2\/posts"}],"about":[{"href":"https:\/\/tvc16.com\/portal\/wp-json\/wp\/v2\/types\/post"}],"author":[{"embeddable":true,"href":"https:\/\/tvc16.com\/portal\/wp-json\/wp\/v2\/users\/2"}],"replies":[{"embeddable":true,"href":"https:\/\/tvc16.com\/portal\/wp-json\/wp\/v2\/comments?post=24487"}],"version-history":[{"count":1,"href":"https:\/\/tvc16.com\/portal\/wp-json\/wp\/v2\/posts\/24487\/revisions"}],"predecessor-version":[{"id":24489,"href":"https:\/\/tvc16.com\/portal\/wp-json\/wp\/v2\/posts\/24487\/revisions\/24489"}],"wp:featuredmedia":[{"embeddable":true,"href":"https:\/\/tvc16.com\/portal\/wp-json\/wp\/v2\/media\/24488"}],"wp:attachment":[{"href":"https:\/\/tvc16.com\/portal\/wp-json\/wp\/v2\/media?parent=24487"}],"wp:term":[{"taxonomy":"category","embeddable":true,"href":"https:\/\/tvc16.com\/portal\/wp-json\/wp\/v2\/categories?post=24487"},{"taxonomy":"post_tag","embeddable":true,"href":"https:\/\/tvc16.com\/portal\/wp-json\/wp\/v2\/tags?post=24487"}],"curies":[{"name":"wp","href":"https:\/\/api.w.org\/{rel}","templated":true}]}}