{"id":24493,"date":"2021-11-13T19:31:37","date_gmt":"2021-11-13T22:31:37","guid":{"rendered":"https:\/\/tvc16.com\/portal\/?p=24493"},"modified":"2021-11-13T19:31:40","modified_gmt":"2021-11-13T22:31:40","slug":"papa-agradece-jornalistas-por-ajudarem-a-mostrar-escandalos-na-igreja","status":"publish","type":"post","link":"https:\/\/tvc16.com\/portal\/2021\/11\/13\/papa-agradece-jornalistas-por-ajudarem-a-mostrar-escandalos-na-igreja\/","title":{"rendered":"Papa agradece jornalistas por ajudarem a mostrar esc\u00e2ndalos na Igreja"},"content":{"rendered":"\n<h3 class=\"wp-block-heading\">Francisco homenageou dois correspondentes veteranos no Vaticano<\/h3>\n\n\n\n<h3 class=\"wp-block-heading\">Por Crispian Balmer &#8211; Rep\u00f3rter da Reuters &#8211; Cidade do Vaticano<\/h3>\n\n\n\n<figure class=\"wp-block-image\"><a href=\"https:\/\/br.reuters.com\/\" target=\"_blank\" rel=\"noreferrer noopener\"><img decoding=\"async\" src=\"https:\/\/agenciabrasil.ebc.com.br\/sites\/default\/files\/styles\/269x0\/public\/logo_parceiros\/logo_reuters.jpg?itok=1pP189Lc\" alt=\"Reuters\"\/><\/a><\/figure>\n\n\n\n<p>&nbsp;O papa Francisco agradeceu a jornalistas neste s\u00e1bado (13) por ajudarem a revelar os esc\u00e2ndalos de abuso sexual por parte do clero, que a Igreja Cat\u00f3lica Romana inicialmente tentou encobrir.<img decoding=\"async\" src=\"https:\/\/agenciabrasil.ebc.com.br\/ebc.png?id=1427510&amp;o=node\"><img decoding=\"async\" src=\"https:\/\/agenciabrasil.ebc.com.br\/ebc.gif?id=1427510&amp;o=node\"><\/p>\n\n\n\n<p>Ele elogiou o que chamou de &#8220;miss\u00e3o do jornalismo&#8221; e disse ser vital que rep\u00f3rteres saiam de suas reda\u00e7\u00f5es e descubram o que est\u00e1 acontecendo no mundo exterior, para conter a desinforma\u00e7\u00e3o muitas vezes encontrada&nbsp;<em>online<\/em>.<\/p>\n\n\n\n<p>&#8220;Agrade\u00e7o a voc\u00eas pelo que nos dizem sobre o que est\u00e1 errado na Igreja, por nos ajudar a n\u00e3o esconder isso embaixo do tapete, e pela voz que voc\u00eas deram \u00e0s v\u00edtimas de abuso&#8221;, disse o papa.<\/p>\n\n\n\n<p>Francisco falou em cerim\u00f4nia para homenagear dois correspondentes veteranos &#8211;&nbsp;Philip Pullella, da&nbsp;<em>Reuters<\/em>, e Valentina Alazraki, da mexicana&nbsp;<em>Noticieros Televisa<\/em>&nbsp;&#8211;&nbsp;por suas longas carreiras cobrindo o Vaticano.<\/p>\n\n\n\n<p>Os esc\u00e2ndalos de abuso sexual chegaram \u00e0s manchetes em 2022, quando o jornal norte-americano&nbsp;<em>The Boston Globe<\/em>&nbsp;escreveu uma s\u00e9rie de artigos expondo um padr\u00e3o de abuso de menores por cl\u00e9rigos e uma cultura disseminada de ocultar esse tipo de a\u00e7\u00e3o dentro da Igreja.<\/p>\n\n\n\n<p>(Reportagem de Crispian Balmer)<\/p>\n","protected":false},"excerpt":{"rendered":"<p>Francisco homenageou dois correspondentes veteranos no Vaticano Por Crispian Balmer &#8211; Rep\u00f3rter da Reuters &#8211;<\/p>\n","protected":false},"author":2,"featured_media":24494,"comment_status":"open","ping_status":"open","sticky":false,"template":"","format":"standard","meta":{"footnotes":""},"categories":[17],"tags":[],"class_list":["post-24493","post","type-post","status-publish","format-standard","has-post-thumbnail","hentry","category-outras-noticias"],"_links":{"self":[{"href":"https:\/\/tvc16.com\/portal\/wp-json\/wp\/v2\/posts\/24493","targetHints":{"allow":["GET"]}}],"collection":[{"href":"https:\/\/tvc16.com\/portal\/wp-json\/wp\/v2\/posts"}],"about":[{"href":"https:\/\/tvc16.com\/portal\/wp-json\/wp\/v2\/types\/post"}],"author":[{"embeddable":true,"href":"https:\/\/tvc16.com\/portal\/wp-json\/wp\/v2\/users\/2"}],"replies":[{"embeddable":true,"href":"https:\/\/tvc16.com\/portal\/wp-json\/wp\/v2\/comments?post=24493"}],"version-history":[{"count":1,"href":"https:\/\/tvc16.com\/portal\/wp-json\/wp\/v2\/posts\/24493\/revisions"}],"predecessor-version":[{"id":24495,"href":"https:\/\/tvc16.com\/portal\/wp-json\/wp\/v2\/posts\/24493\/revisions\/24495"}],"wp:featuredmedia":[{"embeddable":true,"href":"https:\/\/tvc16.com\/portal\/wp-json\/wp\/v2\/media\/24494"}],"wp:attachment":[{"href":"https:\/\/tvc16.com\/portal\/wp-json\/wp\/v2\/media?parent=24493"}],"wp:term":[{"taxonomy":"category","embeddable":true,"href":"https:\/\/tvc16.com\/portal\/wp-json\/wp\/v2\/categories?post=24493"},{"taxonomy":"post_tag","embeddable":true,"href":"https:\/\/tvc16.com\/portal\/wp-json\/wp\/v2\/tags?post=24493"}],"curies":[{"name":"wp","href":"https:\/\/api.w.org\/{rel}","templated":true}]}}