{"id":24543,"date":"2021-11-14T13:51:41","date_gmt":"2021-11-14T16:51:41","guid":{"rendered":"https:\/\/tvc16.com\/portal\/?p=24543"},"modified":"2021-11-14T13:51:48","modified_gmt":"2021-11-14T16:51:48","slug":"nova-iguacu-vacinara-contra-a-covid-19-pessoas-acima-de-12-anos-nesta-terca-16","status":"publish","type":"post","link":"https:\/\/tvc16.com\/portal\/2021\/11\/14\/nova-iguacu-vacinara-contra-a-covid-19-pessoas-acima-de-12-anos-nesta-terca-16\/","title":{"rendered":"Nova Igua\u00e7u vacinar\u00e1 contra a Covid-19 pessoas acima de 12 anos nesta ter\u00e7a (16)"},"content":{"rendered":"\n<p>A Prefeitura de Nova Igua\u00e7u segue vacinando pessoas acima de 12 anos contra COVID-19. Nesta ter\u00e7a-feira (16), os 24 pontos de imuniza\u00e7\u00e3o funcionar\u00e3o das 8h30 \u00e0s 16h, normalmente. Quem recebeu o imunizante Pfizer h\u00e1 pelo menos 21 dias, pode retornar para receber a segunda dose. Para idosos com 60 anos ou mais e profissionais de sa\u00fade que tenham tomado a segunda dose h\u00e1 seis meses, devem receber a dose de refor\u00e7o. Nesta segunda-feira (15), feriado, n\u00e3o haver\u00e1 imuniza\u00e7\u00e3o.<\/p>\n\n\n\n<p><strong>Vacina\u00e7\u00e3o desta ter\u00e7a (16)<\/strong><\/p>\n\n\n\n<p><strong>Primeira dose:<\/strong>&nbsp;Pessoas acima dos 12 anos;<\/p>\n\n\n\n<p><strong>Segunda dose:<\/strong>&nbsp;Conforme agendamento de retorno. Adolescentes com mais de 12 anos vacinados com a primeira dose h\u00e1 pelo menos 21 dias tamb\u00e9m poder\u00e3o ser imunizados;<\/p>\n\n\n\n<p><strong>Dose de refor\u00e7o<\/strong>: Imunossuprimidos com 28 dias ap\u00f3s segunda dose ou dose \u00fanica, Idosos acima de 60 anos com seis meses ap\u00f3s segunda dose ou dose \u00fanica e Profissionais de sa\u00fade da rede municipal e privada com seis meses ap\u00f3s segunda dose ou dose \u00fanica.<\/p>\n\n\n\n<p><strong>Hor\u00e1rio:<\/strong>&nbsp;Das 8h30 \u00e0s 16h &nbsp;&nbsp;&nbsp;&nbsp;&nbsp;&nbsp;&nbsp;&nbsp;&nbsp;&nbsp;&nbsp;<\/p>\n\n\n\n<p><strong>Locais:<\/strong>&nbsp;Drive-Thru Top Shopping, Drive-Thru DETRAN Bairro Botafogo, Drive-Thru Shopping Nova Igua\u00e7u, Drive-Thru Centro Ol\u00edmpico, Espa\u00e7o Municipal Da Terceira Idade (Esmuti), Cl\u00ednica Da Fam\u00edlia Dom Bosco, Cl\u00ednica Da Fam\u00edlia Vila Oper\u00e1ria, Usf Rancho Fundo, Centro De Atendimento Ao Deficiente (Cad),&nbsp; Cl\u00ednica Da Fam\u00edlia Marfel, Cl\u00ednica Da Fam\u00edlia Do Cai\u00e7ara,&nbsp; Cl\u00ednica Da Fam\u00edlia Do Amba\u00ed, Cl\u00ednica Da Fam\u00edlia Jardim Para\u00edso, Cl\u00ednica Da Fam\u00edlia Vila De Cava,&nbsp; Cl\u00ednica Da Fam\u00edlia Austin, Cl\u00ednica Da Fam\u00edlia Odiceia Morais, Policl\u00ednica Miguel Couto, Cl\u00ednica Da Fam\u00edlia Em\u00edlia Gomes, Cl\u00ednica Da Fam\u00edlia Boa Esperan\u00e7a, Cl\u00ednica Da Fam\u00edlia Cabu\u00e7u,&nbsp; Cl\u00ednica Da Fam\u00edlia Mara\u00fa,&nbsp; Cl\u00ednica Da Fam\u00edlia Do Km32,&nbsp; Cl\u00ednica Da Fam\u00edlia Edi Pinto Da Silva, Centro De Sa\u00fade Vasco Barcelos.<\/p>\n\n\n\n<p>A lista completa com os pertencentes aos grupos de vacina\u00e7\u00e3o, documentos que devem ser apresentados para a imuniza\u00e7\u00e3o, os endere\u00e7os dos 24 pontos de vacina\u00e7\u00e3o contra a Covid-19 e o calend\u00e1rio de imuniza\u00e7\u00e3o est\u00e3o em:\u00a0<a rel=\"noreferrer noopener\" href=\"http:\/\/www.novaiguacu.rj.gov.br\/semus\/vacinacao-covid\/calendario\" target=\"_blank\">www.novaiguacu.rj.gov.br\/semus\/vacinacao-covid\/calendario<\/a>.<\/p>\n","protected":false},"excerpt":{"rendered":"<p>A Prefeitura de Nova Igua\u00e7u segue vacinando pessoas acima de 12 anos contra COVID-19. Nesta<\/p>\n","protected":false},"author":2,"featured_media":24544,"comment_status":"open","ping_status":"open","sticky":false,"template":"","format":"standard","meta":{"footnotes":""},"categories":[17],"tags":[],"class_list":["post-24543","post","type-post","status-publish","format-standard","has-post-thumbnail","hentry","category-outras-noticias"],"_links":{"self":[{"href":"https:\/\/tvc16.com\/portal\/wp-json\/wp\/v2\/posts\/24543","targetHints":{"allow":["GET"]}}],"collection":[{"href":"https:\/\/tvc16.com\/portal\/wp-json\/wp\/v2\/posts"}],"about":[{"href":"https:\/\/tvc16.com\/portal\/wp-json\/wp\/v2\/types\/post"}],"author":[{"embeddable":true,"href":"https:\/\/tvc16.com\/portal\/wp-json\/wp\/v2\/users\/2"}],"replies":[{"embeddable":true,"href":"https:\/\/tvc16.com\/portal\/wp-json\/wp\/v2\/comments?post=24543"}],"version-history":[{"count":1,"href":"https:\/\/tvc16.com\/portal\/wp-json\/wp\/v2\/posts\/24543\/revisions"}],"predecessor-version":[{"id":24545,"href":"https:\/\/tvc16.com\/portal\/wp-json\/wp\/v2\/posts\/24543\/revisions\/24545"}],"wp:featuredmedia":[{"embeddable":true,"href":"https:\/\/tvc16.com\/portal\/wp-json\/wp\/v2\/media\/24544"}],"wp:attachment":[{"href":"https:\/\/tvc16.com\/portal\/wp-json\/wp\/v2\/media?parent=24543"}],"wp:term":[{"taxonomy":"category","embeddable":true,"href":"https:\/\/tvc16.com\/portal\/wp-json\/wp\/v2\/categories?post=24543"},{"taxonomy":"post_tag","embeddable":true,"href":"https:\/\/tvc16.com\/portal\/wp-json\/wp\/v2\/tags?post=24543"}],"curies":[{"name":"wp","href":"https:\/\/api.w.org\/{rel}","templated":true}]}}