{"id":24550,"date":"2021-11-15T08:31:50","date_gmt":"2021-11-15T11:31:50","guid":{"rendered":"https:\/\/tvc16.com\/portal\/?p=24550"},"modified":"2021-11-15T08:31:52","modified_gmt":"2021-11-15T11:31:52","slug":"teresopolis-comeca-preparativos-para-a-decoracao-de-natal","status":"publish","type":"post","link":"https:\/\/tvc16.com\/portal\/2021\/11\/15\/teresopolis-comeca-preparativos-para-a-decoracao-de-natal\/","title":{"rendered":"Teres\u00f3polis come\u00e7a preparativos para a decora\u00e7\u00e3o de Natal"},"content":{"rendered":"\n<p>O Natal est\u00e1 chegando, e neste per\u00edodo de celebra\u00e7\u00f5es e encantamentos, Teres\u00f3polis inicia os preparativos para uma das mais tradicionais festas do calend\u00e1rio crist\u00e3o. A partir de novembro, turistas e moradores come\u00e7am a se deparar com um cen\u00e1rio mais atrativo, que vai al\u00e9m das belezas naturais do munic\u00edpio.\u00a0\u00c9 o projeto \u2018Teres\u00f3polis Terra de Luz \u2013Natal\u00a02021, realizado pela Prefeitura, atrav\u00e9s da Secretaria de Cultura, com apoio da Secretaria de Turismo e servidores das secretarias de Obras e de Servi\u00e7os P\u00fablicos, al\u00e9m dos colaboradores: Sincomercio, Sistema Fecom\u00e9rcio, \u00a0Sesc, Senac e IFEC<\/p>\n\n\n\n<p>As equipes&nbsp;cuidam de cada detalhe para que os principais pontos da cidade recebam luz, cor e a emo\u00e7\u00e3o que a magia do Natal traz.&nbsp;\u00c1rvores, pr\u00e9dios, espa\u00e7os p\u00fablicos, ruas e avenidas, pra\u00e7as e v\u00e1rios outros pontos como P\u00f3rtico, Feirinha, Casa de Cultura, CAT (Centro de Atendimento ao Turista) v\u00e3o ganhar ilumina\u00e7\u00e3o e arranjos natalinos como os pain\u00e9is cenogr\u00e1ficos, bonecos, trenzinho, al\u00e9m das tradicionais \u00e1rvores de Natal, instaladas em pontos estrat\u00e9gicos da cidade como: Casa e V\u00eddeo, Pra\u00e7a de Santa Teresa, Feirinha.<\/p>\n\n\n\n<p>Parceira da Prefeitura, a Fecom\u00e9rcio programou uma ornamenta\u00e7\u00e3o urbana especial para a Cal\u00e7ada da Fama e a realiza\u00e7\u00e3o do v\u00eddeo mapping na Matriz de Santa Teresa, no Centro. Al\u00e9m disso, entre os dias 11 e 22 de dezembro uma vasta programa\u00e7\u00e3o cultural, com shows de dan\u00e7a, m\u00fasica e apresenta\u00e7\u00f5es c\u00eanicas, vai acontecer no palco que ser\u00e1 montado pela prefeitura na Pra\u00e7a Ol\u00edmpica.<\/p>\n\n\n\n<p>Al\u00e9m de proporcionar um ambiente alegre e festivo para a popula\u00e7\u00e3o, o per\u00edodo promove e consolida a cidade em seu potencial tur\u00edstico, al\u00e9m de movimentar o com\u00e9rcio local, desde o artesanato, passando pela hotelaria, gastronomia e tamb\u00e9m no entretenimento.<\/p>\n","protected":false},"excerpt":{"rendered":"<p>O Natal est\u00e1 chegando, e neste per\u00edodo de celebra\u00e7\u00f5es e encantamentos, Teres\u00f3polis inicia os preparativos<\/p>\n","protected":false},"author":2,"featured_media":24551,"comment_status":"open","ping_status":"open","sticky":false,"template":"","format":"standard","meta":{"footnotes":""},"categories":[17],"tags":[],"class_list":["post-24550","post","type-post","status-publish","format-standard","has-post-thumbnail","hentry","category-outras-noticias"],"_links":{"self":[{"href":"https:\/\/tvc16.com\/portal\/wp-json\/wp\/v2\/posts\/24550","targetHints":{"allow":["GET"]}}],"collection":[{"href":"https:\/\/tvc16.com\/portal\/wp-json\/wp\/v2\/posts"}],"about":[{"href":"https:\/\/tvc16.com\/portal\/wp-json\/wp\/v2\/types\/post"}],"author":[{"embeddable":true,"href":"https:\/\/tvc16.com\/portal\/wp-json\/wp\/v2\/users\/2"}],"replies":[{"embeddable":true,"href":"https:\/\/tvc16.com\/portal\/wp-json\/wp\/v2\/comments?post=24550"}],"version-history":[{"count":1,"href":"https:\/\/tvc16.com\/portal\/wp-json\/wp\/v2\/posts\/24550\/revisions"}],"predecessor-version":[{"id":24552,"href":"https:\/\/tvc16.com\/portal\/wp-json\/wp\/v2\/posts\/24550\/revisions\/24552"}],"wp:featuredmedia":[{"embeddable":true,"href":"https:\/\/tvc16.com\/portal\/wp-json\/wp\/v2\/media\/24551"}],"wp:attachment":[{"href":"https:\/\/tvc16.com\/portal\/wp-json\/wp\/v2\/media?parent=24550"}],"wp:term":[{"taxonomy":"category","embeddable":true,"href":"https:\/\/tvc16.com\/portal\/wp-json\/wp\/v2\/categories?post=24550"},{"taxonomy":"post_tag","embeddable":true,"href":"https:\/\/tvc16.com\/portal\/wp-json\/wp\/v2\/tags?post=24550"}],"curies":[{"name":"wp","href":"https:\/\/api.w.org\/{rel}","templated":true}]}}