{"id":24553,"date":"2021-11-15T09:21:52","date_gmt":"2021-11-15T12:21:52","guid":{"rendered":"https:\/\/tvc16.com\/portal\/?p=24553"},"modified":"2021-11-15T09:24:23","modified_gmt":"2021-11-15T12:24:23","slug":"defesa-civil-treina-voluntarios-dos-pontos-de-apoio-para-atuacao-em-dias-de-chuva-forte-nas-comunidades","status":"publish","type":"post","link":"https:\/\/tvc16.com\/portal\/2021\/11\/15\/defesa-civil-treina-voluntarios-dos-pontos-de-apoio-para-atuacao-em-dias-de-chuva-forte-nas-comunidades\/","title":{"rendered":"Defesa Civil treina volunt\u00e1rios dos pontos de apoio para atua\u00e7\u00e3o em dias de chuva forte nas comunidades"},"content":{"rendered":"\n<p>Em continuidade ao processo de restrutura\u00e7\u00e3o dos Pontos do Apoio, a Secretaria de Defesa Civil e A\u00e7\u00f5es Volunt\u00e1rios trabalha em nova etapa de preparo das 16 unidades, maioria escolas da rede p\u00fablica, que ser\u00e3o usadas para o atendimento dos moradores que precisarem sair de suas casas em dias de chuva forte. Nesta fase, est\u00e1 sendo feito o treinamento de volunt\u00e1rios que recebem orienta\u00e7\u00f5es b\u00e1sicas de como atuar em caso de acionamento, pela Defesa Civil, para mobiliza\u00e7\u00e3o da comunidade, conhecimento de rotas de fuga e abertura dos pr\u00e9dios para o acolhimento da popula\u00e7\u00e3o. A partir de novo protocolo de funcionamento, os locais funcionar\u00e3o em situa\u00e7\u00e3o de emerg\u00eancia com o suporte de l\u00edderes comunit\u00e1rios, representantes dos N\u00facleos Comunit\u00e1rios de Defesa Civil (NUDEC), Agentes Comunit\u00e1rios de Sa\u00fade, Assistentes Sociais, al\u00e9m de agentes da Defesa Civil.<\/p>\n\n\n\n<p>Uma das comunidades treinadas foi a do Dr. Thouzet, onde o ponto de apoio vai funcionar na Escola Paroquial Bom Jesus. No local, os agentes da Defesa Civil orientaram os representantes da comunidade, profissionais da escola e agentes de sa\u00fade com as instru\u00e7\u00f5es para mobiliza\u00e7\u00e3o da comunidade quando necess\u00e1rio. \u201cEssa \u00e9 mais uma etapa de grande import\u00e2ncia para o enfrentamento do per\u00edodo de chuva nas comunidades&#8221;, frisou o prefeito Hingo Hammes. &#8220;Os pontos de apoio foram revisitados para garantir as adequa\u00e7\u00f5es necess\u00e1rias e agora estamos preparando os profissionais e representantes das comunidades para garantir o funcionamento dos locais\u201d, destaca o secret\u00e1rio de Defesa Civil, o Tenente Coronel Gil Kempers.<\/p>\n\n\n\n<p>A participa\u00e7\u00e3o comunit\u00e1ria tem sido um dos principais pontos destacados nos treinamentos dos pontos de apoio. \u201cA atua\u00e7\u00e3o em parceria com os moradores tem for\u00e7a, todo esse trabalho tem oferecido mais confian\u00e7a para a comunidade, que agora consegue ter acesso ao \u00f3rg\u00e3o e ter as necessidades atendidas\u201d, destacou C\u00e1ssia Santos, l\u00edder comunit\u00e1ria.<\/p>\n\n\n\n<p>A proposta tem sido fortalecer entre os moradores o sentido de pertencimento no processo, que visa principalmente um trabalho em parceria com a Defesa Civil com foco na agilidade no atendimento em cada regi\u00e3o. \u201cNunca tivemos essa estrutura com o NUDEC, que agora est\u00e1 presente na comunidade e agiliza o atendimento em caso de ocorr\u00eancia. Antes os pontos de apoio estavam fechados e agora est\u00e1 totalmente diferente e atende as necessidades da comunidade. Tudo isso traz mais seguran\u00e7a para os moradores. Est\u00e3o todos se sentindo mais acolhidos\u201d, destacou o presidente da Associa\u00e7\u00e3o de Moradores, Douglas Luiz Proc\u00f3pio.<\/p>\n\n\n\n<p>As oficinas para as equipes de acolhida j\u00e1 foram realizadas para os volunt\u00e1rios das comunidades do 24 de Maio, Alto da Serra, Independ\u00eancia, Sargento Boening, S\u00e3o Sebasti\u00e3o, Sim\u00e9ria, Dr.Thouzet e Floresta. \u201cA restrutura\u00e7\u00e3o dos pontos de apoio come\u00e7ou com as visitas para conhecimento das \u00e1reas e agora estamos na reta final, que \u00e9 de apresenta\u00e7\u00e3o da nova proposta de atua\u00e7\u00e3o com as equipes de acolhida para melhor atender os moradores que precisarem sair de suas casas. \u00c9 um trabalho bem estruturado que visa acima de tudo, o estabelecimento de uma cultura de preven\u00e7\u00e3o e atua\u00e7\u00e3o segura em situa\u00e7\u00e3o de risco\u201d, destaca a diretora de projetos, a Tenente Camila Nunes. Na pr\u00f3xima semana o preparo dos volunt\u00e1rios ser\u00e1 conclu\u00eddo com os treinamentos nas regi\u00f5es do Amazonas, Quitandinha, Itaipava e Vila Felipe.<\/p>\n","protected":false},"excerpt":{"rendered":"<p>Em continuidade ao processo de restrutura\u00e7\u00e3o dos Pontos do Apoio, a Secretaria de Defesa Civil<\/p>\n","protected":false},"author":2,"featured_media":24554,"comment_status":"open","ping_status":"open","sticky":false,"template":"","format":"standard","meta":{"footnotes":""},"categories":[12],"tags":[],"class_list":["post-24553","post","type-post","status-publish","format-standard","has-post-thumbnail","hentry","category-cidade"],"_links":{"self":[{"href":"https:\/\/tvc16.com\/portal\/wp-json\/wp\/v2\/posts\/24553","targetHints":{"allow":["GET"]}}],"collection":[{"href":"https:\/\/tvc16.com\/portal\/wp-json\/wp\/v2\/posts"}],"about":[{"href":"https:\/\/tvc16.com\/portal\/wp-json\/wp\/v2\/types\/post"}],"author":[{"embeddable":true,"href":"https:\/\/tvc16.com\/portal\/wp-json\/wp\/v2\/users\/2"}],"replies":[{"embeddable":true,"href":"https:\/\/tvc16.com\/portal\/wp-json\/wp\/v2\/comments?post=24553"}],"version-history":[{"count":1,"href":"https:\/\/tvc16.com\/portal\/wp-json\/wp\/v2\/posts\/24553\/revisions"}],"predecessor-version":[{"id":24555,"href":"https:\/\/tvc16.com\/portal\/wp-json\/wp\/v2\/posts\/24553\/revisions\/24555"}],"wp:featuredmedia":[{"embeddable":true,"href":"https:\/\/tvc16.com\/portal\/wp-json\/wp\/v2\/media\/24554"}],"wp:attachment":[{"href":"https:\/\/tvc16.com\/portal\/wp-json\/wp\/v2\/media?parent=24553"}],"wp:term":[{"taxonomy":"category","embeddable":true,"href":"https:\/\/tvc16.com\/portal\/wp-json\/wp\/v2\/categories?post=24553"},{"taxonomy":"post_tag","embeddable":true,"href":"https:\/\/tvc16.com\/portal\/wp-json\/wp\/v2\/tags?post=24553"}],"curies":[{"name":"wp","href":"https:\/\/api.w.org\/{rel}","templated":true}]}}