{"id":24565,"date":"2021-11-15T11:54:27","date_gmt":"2021-11-15T14:54:27","guid":{"rendered":"https:\/\/tvc16.com\/portal\/?p=24565"},"modified":"2021-11-15T11:54:30","modified_gmt":"2021-11-15T14:54:30","slug":"hospital-do-rio-referencia-em-covid-19-zera-internacoes","status":"publish","type":"post","link":"https:\/\/tvc16.com\/portal\/2021\/11\/15\/hospital-do-rio-referencia-em-covid-19-zera-internacoes\/","title":{"rendered":"Hospital do Rio refer\u00eancia em covid-19 zera interna\u00e7\u00f5es"},"content":{"rendered":"\n<p>Designado para ser refer\u00eancia do munic\u00edpio do Rio de Janeiro no tratamento da covid-19, o Hospital Municipal Ronaldo Gazolla ir\u00e1 zerar o n\u00famero de interna\u00e7\u00f5es pela doen\u00e7a pela primeira vez desde o in\u00edcio da pandemia, em mar\u00e7o do ano passado. O prefeito Eduardo Paes e o secret\u00e1rio de Sa\u00fade, Daniel Soranz, ir\u00e3o acompanhar&nbsp;hoje&nbsp;(15), \u00e0s 13h, a alta do \u00faltimo paciente.<img decoding=\"async\" src=\"https:\/\/agenciabrasil.ebc.com.br\/ebc.png?id=1427733&amp;o=node\"><img decoding=\"async\" src=\"https:\/\/agenciabrasil.ebc.com.br\/ebc.gif?id=1427733&amp;o=node\"><\/p>\n\n\n\n<p>Localizado em Acari, na zona norte da capital fluminense, o Hospital Municipal Ronaldo Gazolla chegou a ter 400 leitos para covid-19. Com a melhora do quadro epidemiol\u00f3gico da cidade, ele deixou de ser exclusivo para o tratamento da doen\u00e7a no in\u00edcio&nbsp;de outubro. Na ocasi\u00e3o, al\u00e9m de reativar leitos comuns na enfermaria e na unidade de terapia intensiva (UTI), a institui\u00e7\u00e3o tamb\u00e9m voltou a fazer cirurgias eletivas e consultas.<\/p>\n\n\n\n<p>Considerando toda a rede de sa\u00fade do mun\u00edcipio, h\u00e1 neste momento 41 pessoas internadas devido \u00e0 covid-19. \u00c9 o menor \u00edndice de interna\u00e7\u00e3o desde o in\u00edcio da pandemia. Segundo dados do painel mantido pela prefeitura, 14 est\u00e3o em leitos de enfermaria e 27 em leitos de UTI. O sistema mostra ainda que 75,1% da popula\u00e7\u00e3o est\u00e1 vacinada com duas doses ou dose \u00fanica.<\/p>\n","protected":false},"excerpt":{"rendered":"<p>Designado para ser refer\u00eancia do munic\u00edpio do Rio de Janeiro no tratamento da covid-19, o<\/p>\n","protected":false},"author":2,"featured_media":24566,"comment_status":"open","ping_status":"open","sticky":false,"template":"","format":"standard","meta":{"footnotes":""},"categories":[17,13],"tags":[],"class_list":["post-24565","post","type-post","status-publish","format-standard","has-post-thumbnail","hentry","category-outras-noticias","category-saude"],"_links":{"self":[{"href":"https:\/\/tvc16.com\/portal\/wp-json\/wp\/v2\/posts\/24565","targetHints":{"allow":["GET"]}}],"collection":[{"href":"https:\/\/tvc16.com\/portal\/wp-json\/wp\/v2\/posts"}],"about":[{"href":"https:\/\/tvc16.com\/portal\/wp-json\/wp\/v2\/types\/post"}],"author":[{"embeddable":true,"href":"https:\/\/tvc16.com\/portal\/wp-json\/wp\/v2\/users\/2"}],"replies":[{"embeddable":true,"href":"https:\/\/tvc16.com\/portal\/wp-json\/wp\/v2\/comments?post=24565"}],"version-history":[{"count":1,"href":"https:\/\/tvc16.com\/portal\/wp-json\/wp\/v2\/posts\/24565\/revisions"}],"predecessor-version":[{"id":24567,"href":"https:\/\/tvc16.com\/portal\/wp-json\/wp\/v2\/posts\/24565\/revisions\/24567"}],"wp:featuredmedia":[{"embeddable":true,"href":"https:\/\/tvc16.com\/portal\/wp-json\/wp\/v2\/media\/24566"}],"wp:attachment":[{"href":"https:\/\/tvc16.com\/portal\/wp-json\/wp\/v2\/media?parent=24565"}],"wp:term":[{"taxonomy":"category","embeddable":true,"href":"https:\/\/tvc16.com\/portal\/wp-json\/wp\/v2\/categories?post=24565"},{"taxonomy":"post_tag","embeddable":true,"href":"https:\/\/tvc16.com\/portal\/wp-json\/wp\/v2\/tags?post=24565"}],"curies":[{"name":"wp","href":"https:\/\/api.w.org\/{rel}","templated":true}]}}