{"id":24571,"date":"2021-11-15T12:40:28","date_gmt":"2021-11-15T15:40:28","guid":{"rendered":"https:\/\/tvc16.com\/portal\/?p=24571"},"modified":"2021-11-15T12:40:30","modified_gmt":"2021-11-15T15:40:30","slug":"carreta-com-exames-de-diagnostico-e-prevencao-para-mulheres-e-homens-estara-em-nova-friburgo-na-proxima-semana","status":"publish","type":"post","link":"https:\/\/tvc16.com\/portal\/2021\/11\/15\/carreta-com-exames-de-diagnostico-e-prevencao-para-mulheres-e-homens-estara-em-nova-friburgo-na-proxima-semana\/","title":{"rendered":"Carreta com exames de diagn\u00f3stico e preven\u00e7\u00e3o para mulheres e homens estar\u00e1 em Nova Friburgo na pr\u00f3xima semana"},"content":{"rendered":"\n<p>A Secretaria Municipal de Sa\u00fade, em parceria com a Funda\u00e7\u00e3o Cristiano Varella, realizar\u00e1 mais de 300 exames de diagn\u00f3stico e preven\u00e7\u00e3o ao c\u00e2ncer para homens e mulheres na pr\u00f3xima semana em Nova Friburgo.&nbsp;<\/p>\n\n\n\n<p>Ser\u00e3o disponibilizados 150 mamografias, 100 preventivos e 50 testes de ant\u00edgeno prost\u00e1tico espec\u00edfico (PSA) para quem realizou o pr\u00e9-cadastro nas Unidades B\u00e1sicas de Sa\u00fade. O objetivo da a\u00e7\u00e3o \u00e9 prevenir o c\u00e2ncer de colo de \u00fatero, mama e pr\u00f3stata.<\/p>\n\n\n\n<p>Tamb\u00e9m haver\u00e1 parquinho para as crian\u00e7as, com cama el\u00e1stica, tobog\u00e3, castelinho, algod\u00e3o doce e pipoca. Al\u00e9m disso ser\u00e1 promovida arrecada\u00e7\u00e3o de alimentos no pr\u00f3prio local.&nbsp;<\/p>\n\n\n\n<p>A campanha ser\u00e1 feita entre os dias 16 e 19 de novembro, na Pra\u00e7a do Suspiro, onde a carreta ficar\u00e1 estacionada. Na ter\u00e7a-feira, 16, o atendimento acontecer\u00e1 das 12h \u00e0s 17h; na quarta-feira, 17, das 7h \u00e0s 17h; na quinta-feira, 18, das 7h \u00e0s 17h; e na sexta-feira, 19, das 7h \u00e0s 12h.<\/p>\n","protected":false},"excerpt":{"rendered":"<p>A Secretaria Municipal de Sa\u00fade, em parceria com a Funda\u00e7\u00e3o Cristiano Varella, realizar\u00e1 mais de<\/p>\n","protected":false},"author":2,"featured_media":24572,"comment_status":"open","ping_status":"open","sticky":false,"template":"","format":"standard","meta":{"footnotes":""},"categories":[17,13],"tags":[],"class_list":["post-24571","post","type-post","status-publish","format-standard","has-post-thumbnail","hentry","category-outras-noticias","category-saude"],"_links":{"self":[{"href":"https:\/\/tvc16.com\/portal\/wp-json\/wp\/v2\/posts\/24571","targetHints":{"allow":["GET"]}}],"collection":[{"href":"https:\/\/tvc16.com\/portal\/wp-json\/wp\/v2\/posts"}],"about":[{"href":"https:\/\/tvc16.com\/portal\/wp-json\/wp\/v2\/types\/post"}],"author":[{"embeddable":true,"href":"https:\/\/tvc16.com\/portal\/wp-json\/wp\/v2\/users\/2"}],"replies":[{"embeddable":true,"href":"https:\/\/tvc16.com\/portal\/wp-json\/wp\/v2\/comments?post=24571"}],"version-history":[{"count":1,"href":"https:\/\/tvc16.com\/portal\/wp-json\/wp\/v2\/posts\/24571\/revisions"}],"predecessor-version":[{"id":24573,"href":"https:\/\/tvc16.com\/portal\/wp-json\/wp\/v2\/posts\/24571\/revisions\/24573"}],"wp:featuredmedia":[{"embeddable":true,"href":"https:\/\/tvc16.com\/portal\/wp-json\/wp\/v2\/media\/24572"}],"wp:attachment":[{"href":"https:\/\/tvc16.com\/portal\/wp-json\/wp\/v2\/media?parent=24571"}],"wp:term":[{"taxonomy":"category","embeddable":true,"href":"https:\/\/tvc16.com\/portal\/wp-json\/wp\/v2\/categories?post=24571"},{"taxonomy":"post_tag","embeddable":true,"href":"https:\/\/tvc16.com\/portal\/wp-json\/wp\/v2\/tags?post=24571"}],"curies":[{"name":"wp","href":"https:\/\/api.w.org\/{rel}","templated":true}]}}