{"id":24585,"date":"2021-11-15T13:07:24","date_gmt":"2021-11-15T16:07:24","guid":{"rendered":"https:\/\/tvc16.com\/portal\/?p=24585"},"modified":"2021-11-15T13:07:26","modified_gmt":"2021-11-15T16:07:26","slug":"enem-2021-tera-medidas-de-seguranca-contra-covid-19","status":"publish","type":"post","link":"https:\/\/tvc16.com\/portal\/2021\/11\/15\/enem-2021-tera-medidas-de-seguranca-contra-covid-19\/","title":{"rendered":"Enem 2021 ter\u00e1 medidas de seguran\u00e7a contra covid-19"},"content":{"rendered":"\n<p>O Exame Nacional do Ensino M\u00e9dio (Enem) 2021 ter\u00e1 medidas de seguran\u00e7a contra a covid- 19. Assim como na\u00a0edi\u00e7\u00e3o de 2020,\u00a0o uso de m\u00e1scara facial ser\u00e1 obrigat\u00f3rio nos locais de aplica\u00e7\u00e3o. Participantes que estejam com covid-19 ou com outras doen\u00e7as infectocontagiosas n\u00e3o devem comparecer ao exame e podem solicitar a reaplica\u00e7\u00e3o. O descumprimento das regras poder\u00e1 levar \u00e0 elimina\u00e7\u00e3o do candidato.\u00a0<img decoding=\"async\" src=\"https:\/\/agenciabrasil.ebc.com.br\/ebc.png?id=1427745&amp;o=node\"><img decoding=\"async\" src=\"https:\/\/agenciabrasil.ebc.com.br\/ebc.gif?id=1427745&amp;o=node\"><\/p>\n\n\n\n<p>O Enem, tanto na vers\u00e3o impressa, quanto na vers\u00e3o digital, ser\u00e1 aplicado nos dias 21 e 28 de novembro. As regras valem para ambas vers\u00f5es. Dentro de sala, os estudantes dever\u00e3o permanecer com a m\u00e1scara durante toda a realiza\u00e7\u00e3o do exame. O edital prev\u00ea que a m\u00e1scara deve ser usada da maneira correta, cobrindo o nariz e a boca. Caso isso n\u00e3o seja feito, o participante ser\u00e1 eliminado. Os candidatos poder\u00e3o levar m\u00e1scaras para trocar durante a aplica\u00e7\u00e3o, seguindo a recomenda\u00e7\u00e3o de especialistas da \u00e1rea de sa\u00fade.&nbsp;<\/p>\n\n\n\n<p>O equipamento de prote\u00e7\u00e3o poder\u00e1 ser retirado apenas para a identifica\u00e7\u00e3o dos participantes, para comer e beber. Toda vez que retirarem a m\u00e1scara, os participantes n\u00e3o podem&nbsp;tocar na parte frontal dela, e devem, em seguida, higienizar as m\u00e3os com \u00e1lcool em gel pr\u00f3prio ou fornecido pelo aplicador. As m\u00e3os devem ser higienizadas tamb\u00e9m quando os participantes forem ao banheiro e no decorrer do exame.&nbsp;<\/p>\n\n\n\n<p>Outra regra \u00e9 o distanciamento social. As salas estar\u00e3o dispostas de forma a assegurar a dist\u00e2ncia entre os participantes.&nbsp;<\/p>\n\n\n\n<p>Candidatos diagnosticados com covid-19 ou outras doen\u00e7as infectocontagiosas na semana que antecede o primeiro ou o segundo dia de prova do Enem&nbsp;n\u00e3o devem comparecer aos locais de prova e podem solicitar a reaplica\u00e7\u00e3o do exame. Al\u00e9m da covid-19, essa regra se aplica a candidatos com tuberculose, coqueluche, difteria, doen\u00e7a invasiva por&nbsp;<em>Haemophilus influenza<\/em>, doen\u00e7a meningoc\u00f3cica e outras meningites, var\u00edola, influenza humana A e B, poliomielite por poliov\u00edrus selvagem, sarampo, rub\u00e9ola e varicela.&nbsp;<\/p>\n\n\n\n<p>Esses candidatos ter\u00e3o at\u00e9 cinco dias \u00fateis depois do Enem para pedir para participar da reaplica\u00e7\u00e3o. O pedido dever\u00e1 ser feito na\u00a0<a rel=\"noreferrer noopener\" href=\"http:\/\/enem.inep.gov.br\/participante\" target=\"_blank\">P\u00e1gina do Participante<\/a>, acompanhando de documentos comprobat\u00f3rios.\u00a0<\/p>\n\n\n\n<p><strong>Medidas de seguran\u00e7a<br><\/strong>O Enem ocorre em um momento em que a vacina\u00e7\u00e3o avan\u00e7a no Brasil e h\u00e1 redu\u00e7\u00e3o nos casos e no n\u00famero de mortes por covid-19. Mesmo assim, o consultor da Sociedade Brasileira de Infectologia Marcelo Otsuka ressalta que \u00e9 importante manter as medidas de seguran\u00e7a, ainda mais em um exame de grandes propor\u00e7\u00f5es como o Enem: \u201cAinda temos pessoas suscet\u00edveis e alguns estudos demonstram que n\u00e3o usar m\u00e1scara aumenta em torno de duas a tr\u00eas vezes a chance de pegar a infec\u00e7\u00e3o, mesmo em pa\u00edses vacinados ou com cobertura vacinal boa. Ent\u00e3o, \u00e9 interessante, nesse momento, que a gente ainda mantenha os cuidados\u201d.<\/p>\n\n\n\n<p>Al\u00e9m dos cuidados nos locais de prova, Otsuka recomenda que os candidatos tenham cuidado tamb\u00e9m no momento do deslocamento. \u201cUm dos problemas mais s\u00e9rios que temos \u00e9 o momento do transporte para chegar no local. [O participante] acaba se expondo muito e isso, de uma certa forma, \u00e9 ruim. Ent\u00e3o, tem que manter os cuidados no transporte. A higieniza\u00e7\u00e3o e limpeza adequada do ambiente onde ser\u00e1 realizada a prova tamb\u00e9m \u00e9 fundamental. De maneira geral, comer no local da prova significa ter que tirar a m\u00e1scara. N\u00e3o \u00e9 o ideal, mas a gente sabe que nem sempre consegue esse tipo de controle, ent\u00e3o, que tenha uma higiene adequada, que tenha cuidados adequados tamb\u00e9m nesses momentos\u201d, diz.<\/p>\n\n\n\n<p><strong>Conhecer o edital<br><\/strong>Para o coordenador pedag\u00f3gico do ProEnem, Leandro Vieira, ler o edital do Enem e conhecer as regras do exame \u00e9 fundamental para que os estudantes n\u00e3o sejam eliminados. \u201c\u00c9 muito importante que os alunos tenham consci\u00eancia de tudo que o edital pede e se preparem para isso com anteced\u00eancia, que n\u00e3o deixem para a \u00faltima hora\u201d, diz. \u201cEnt\u00e3o, separe a m\u00e1scara antes, deixe junto da caneta e junto da \u00e1gua que voc\u00ea vai levar, para n\u00e3o ter chance de esquecer\u201d, recomenda.<\/p>\n\n\n\n<p>A dica de Vieira \u00e9 que os estudantes aproveitem a reta final para rever as regras do exame e para fazer simulados e resolver provas antigas. Na p\u00e1gina do Instituto Nacional de Estudos e Pesquisas Educacionais An\u00edsio Teixeira (Inep) est\u00e3o dispon\u00edveis as provas e os gabaritos de anos anteriores.<\/p>\n\n\n\n<p>\u201c\u00c9 um momento de fazer muitas quest\u00f5es, fazer muito exerc\u00edcio. Usar o exerc\u00edcio como forma de revis\u00e3o, de retomar o conte\u00fado\u201d, diz. Ele recomenda ainda que os estudantes simulem o dia do exame, inclusive usando m\u00e1scara, para ver como se sentir\u00e3o no dia da prova. \u201cA gente fala em simular a prova, simular tudo da prova, ficar ali 5h, 6h sentado para fazer a prova com os mesmos moldes que v\u00e3o encontrar no dia. Isso inclui o uso de m\u00e1scara\u201d, diz.<\/p>\n\n\n\n<p><strong>Enem 2021<br><\/strong>O Enem ser\u00e1 aplicado este ano para mais de 3 milh\u00f5es de estudantes em todo o pa\u00eds. No primeiro dia de prova, os participantes far\u00e3o as provas de linguagens, ci\u00eancias humanas e reda\u00e7\u00e3o. No segundo, matem\u00e1tica e ci\u00eancias da natureza. Os locais de prova est\u00e3o dispon\u00edveis no Cart\u00e3o de Confirma\u00e7\u00e3o de Inscri\u00e7\u00e3o na P\u00e1gina do Participante.<\/p>\n\n\n\n<p>O exame seleciona estudantes para vagas do ensino superior p\u00fablicas, pelo Sistema de Sele\u00e7\u00e3o Unificada (Sisu), para bolsas em institui\u00e7\u00f5es privadas, pelo Programa Universidade para Todos (ProUni), e serve de par\u00e2metro para o Fundo de Financiamento Estudantil (Fies). Os resultados tamb\u00e9m podem ser usados para ingressar em institui\u00e7\u00f5es de ensino portuguesas que t\u00eam conv\u00eanio com o Inep.<\/p>\n","protected":false},"excerpt":{"rendered":"<p>O Exame Nacional do Ensino M\u00e9dio (Enem) 2021 ter\u00e1 medidas de seguran\u00e7a contra a covid-<\/p>\n","protected":false},"author":2,"featured_media":24586,"comment_status":"open","ping_status":"open","sticky":false,"template":"","format":"standard","meta":{"footnotes":""},"categories":[19,17],"tags":[],"class_list":["post-24585","post","type-post","status-publish","format-standard","has-post-thumbnail","hentry","category-educacao","category-outras-noticias"],"_links":{"self":[{"href":"https:\/\/tvc16.com\/portal\/wp-json\/wp\/v2\/posts\/24585","targetHints":{"allow":["GET"]}}],"collection":[{"href":"https:\/\/tvc16.com\/portal\/wp-json\/wp\/v2\/posts"}],"about":[{"href":"https:\/\/tvc16.com\/portal\/wp-json\/wp\/v2\/types\/post"}],"author":[{"embeddable":true,"href":"https:\/\/tvc16.com\/portal\/wp-json\/wp\/v2\/users\/2"}],"replies":[{"embeddable":true,"href":"https:\/\/tvc16.com\/portal\/wp-json\/wp\/v2\/comments?post=24585"}],"version-history":[{"count":1,"href":"https:\/\/tvc16.com\/portal\/wp-json\/wp\/v2\/posts\/24585\/revisions"}],"predecessor-version":[{"id":24587,"href":"https:\/\/tvc16.com\/portal\/wp-json\/wp\/v2\/posts\/24585\/revisions\/24587"}],"wp:featuredmedia":[{"embeddable":true,"href":"https:\/\/tvc16.com\/portal\/wp-json\/wp\/v2\/media\/24586"}],"wp:attachment":[{"href":"https:\/\/tvc16.com\/portal\/wp-json\/wp\/v2\/media?parent=24585"}],"wp:term":[{"taxonomy":"category","embeddable":true,"href":"https:\/\/tvc16.com\/portal\/wp-json\/wp\/v2\/categories?post=24585"},{"taxonomy":"post_tag","embeddable":true,"href":"https:\/\/tvc16.com\/portal\/wp-json\/wp\/v2\/tags?post=24585"}],"curies":[{"name":"wp","href":"https:\/\/api.w.org\/{rel}","templated":true}]}}