{"id":24593,"date":"2021-11-15T18:09:49","date_gmt":"2021-11-15T21:09:49","guid":{"rendered":"https:\/\/tvc16.com\/portal\/?p=24593"},"modified":"2021-11-15T18:09:51","modified_gmt":"2021-11-15T21:09:51","slug":"neymar-sente-coxa-esquerda-durante-treino-e-nao-enfrenta-argentina","status":"publish","type":"post","link":"https:\/\/tvc16.com\/portal\/2021\/11\/15\/neymar-sente-coxa-esquerda-durante-treino-e-nao-enfrenta-argentina\/","title":{"rendered":"Neymar sente coxa esquerda durante treino e n\u00e3o enfrenta Argentina"},"content":{"rendered":"\n<p>O atacante Neymar desfalca o Brasil no cl\u00e1ssico desta\u00a0ter\u00e7a-feira (16), \u00e0s 20h30 (hor\u00e1rio de Bras\u00edlia),\u00a0diante da Argentina, fora de casa, pela 14\u00aa rodada das Eliminat\u00f3rias da Copa do Mundo.\u00a0De acordo com a Confedera\u00e7\u00e3o Brasileira de Futebol (CBF) , o camisa 10 reclamou de dores no adutor da coxa esquerda durante o treino desta\u00a0segunda-feira (15), na Academia de Futebol do Palmeiras, em S\u00e3o Paulo.<img decoding=\"async\" src=\"https:\/\/agenciabrasil.ebc.com.br\/ebc.png?id=1427805&amp;o=node\"><img decoding=\"async\" src=\"https:\/\/agenciabrasil.ebc.com.br\/ebc.gif?id=1427805&amp;o=node\"><\/p>\n\n\n\n<p>&#8220;Por n\u00e3o haver tempo h\u00e1bil para a realiza\u00e7\u00e3o de exames complementares, a comiss\u00e3o t\u00e9cnica optou por preservar o jogador que n\u00e3o viajar\u00e1 com a delega\u00e7\u00e3o da sele\u00e7\u00e3o brasileira para San Juan [Argentina], local do jogo desta\u00a0ter\u00e7a-feira&#8221;, informou a CBF, em nota \u00e0 imprensa.<\/p>\n\n\n\n<p>A atividade na qual Neymar se contundiu foi realizada no per\u00edodo da manh\u00e3. A imprensa s\u00f3 teve acesso \u00e0s imagens do aquecimento dos atletas, transmitidas pelo canal da CBF TV no YouTube. O treino t\u00e1tico comandado por Tite, com a disposi\u00e7\u00e3o da equipe que ser\u00e1 titular diante dos argentinos, n\u00e3o foi exibido.<\/p>\n\n\n\n<p>No treino de&nbsp;ter\u00e7a-feira (14), Tite fez tr\u00eas mudan\u00e7as em rela\u00e7\u00e3o \u00e0 equipe que derrotou a Col\u00f4mbia por 1 a 0 na \u00faltima&nbsp;sexta-feira (12), na Neo Qu\u00edmica Arena, em S\u00e3o Paulo: o zagueiro Thiago Silva, o volante Casemiro (suspenso) e o atacante Gabriel Jesus deram lugar a \u00c9der Milit\u00e3o, Fabinho e Matheus Cunha, respectivamente. Na vaga de Neymar, a prov\u00e1vel op\u00e7\u00e3o ser\u00e1 Vin\u00edcius J\u00fanior, que tamb\u00e9m atua pelo lado esquerdo do ataque.<\/p>\n\n\n\n<p>O Brasil deve enfrentar a Argentina com: Alisson, Danilo, \u00c9der Milit\u00e3o, Marquinhos e Alex Sandro; Fabinho, Fred e Lucas Paquet\u00e1; Raphinha, Matheus Cunha e Vin\u00edcius J\u00fanior.<\/p>\n","protected":false},"excerpt":{"rendered":"<p>O atacante Neymar desfalca o Brasil no cl\u00e1ssico desta\u00a0ter\u00e7a-feira (16), \u00e0s 20h30 (hor\u00e1rio de Bras\u00edlia),\u00a0diante<\/p>\n","protected":false},"author":2,"featured_media":24594,"comment_status":"open","ping_status":"open","sticky":false,"template":"","format":"standard","meta":{"footnotes":""},"categories":[20,17],"tags":[],"class_list":["post-24593","post","type-post","status-publish","format-standard","has-post-thumbnail","hentry","category-esporte","category-outras-noticias"],"_links":{"self":[{"href":"https:\/\/tvc16.com\/portal\/wp-json\/wp\/v2\/posts\/24593","targetHints":{"allow":["GET"]}}],"collection":[{"href":"https:\/\/tvc16.com\/portal\/wp-json\/wp\/v2\/posts"}],"about":[{"href":"https:\/\/tvc16.com\/portal\/wp-json\/wp\/v2\/types\/post"}],"author":[{"embeddable":true,"href":"https:\/\/tvc16.com\/portal\/wp-json\/wp\/v2\/users\/2"}],"replies":[{"embeddable":true,"href":"https:\/\/tvc16.com\/portal\/wp-json\/wp\/v2\/comments?post=24593"}],"version-history":[{"count":1,"href":"https:\/\/tvc16.com\/portal\/wp-json\/wp\/v2\/posts\/24593\/revisions"}],"predecessor-version":[{"id":24595,"href":"https:\/\/tvc16.com\/portal\/wp-json\/wp\/v2\/posts\/24593\/revisions\/24595"}],"wp:featuredmedia":[{"embeddable":true,"href":"https:\/\/tvc16.com\/portal\/wp-json\/wp\/v2\/media\/24594"}],"wp:attachment":[{"href":"https:\/\/tvc16.com\/portal\/wp-json\/wp\/v2\/media?parent=24593"}],"wp:term":[{"taxonomy":"category","embeddable":true,"href":"https:\/\/tvc16.com\/portal\/wp-json\/wp\/v2\/categories?post=24593"},{"taxonomy":"post_tag","embeddable":true,"href":"https:\/\/tvc16.com\/portal\/wp-json\/wp\/v2\/tags?post=24593"}],"curies":[{"name":"wp","href":"https:\/\/api.w.org\/{rel}","templated":true}]}}