{"id":24596,"date":"2021-11-15T20:01:11","date_gmt":"2021-11-15T23:01:11","guid":{"rendered":"https:\/\/tvc16.com\/portal\/?p=24596"},"modified":"2021-11-15T20:01:12","modified_gmt":"2021-11-15T23:01:12","slug":"covid-19-taxa-de-ocupacao-de-leitos-clinicos-no-sus-esta-em-0","status":"publish","type":"post","link":"https:\/\/tvc16.com\/portal\/2021\/11\/15\/covid-19-taxa-de-ocupacao-de-leitos-clinicos-no-sus-esta-em-0\/","title":{"rendered":"Covid-19: taxa de ocupa\u00e7\u00e3o de leitos cl\u00ednicos no SUS est\u00e1 em 0%"},"content":{"rendered":"\n<p>A taxa de ocupa\u00e7\u00e3o de leitos para pacientes com covid-19 no Sistema \u00danico de Sa\u00fade, nesta segunda-feira (15\/11), permaneceu em 0% para leito cl\u00ednico e em 3,03 % para os leitos de UTI na rede p\u00fablica. Levando em conta toda a rede de sa\u00fade da cidade, somando hospitais p\u00fablicos e privados, s\u00e3o seis pacientes internados: quatro pessoas em leitos de UTIs p\u00fablicos e privados e duas em leitos cl\u00ednicos da rede privada.<br>At\u00e9 agora, foram realizados no munic\u00edpio 207.589 testes para Covid-19, com 50.014 resultados positivos e 157.462 negativos (levando em considera\u00e7\u00e3o testes r\u00e1pidos e swab).<\/p>\n\n\n\n<p>A Secretaria de Sa\u00fade esclarece que o n\u00famero de \u00f3bitos, hoje em 1.555, \u00e9 atualizado nos boletins apenas ap\u00f3s o registro do atestado de \u00f3bito e do resultado do exame do paciente no sistema da Vigil\u00e2ncia Epidemiol\u00f3gica, o que \u00e9 feito por equipe administrativa. Trata-se de medida de seguran\u00e7a para evitar erro na informa\u00e7\u00e3o divulgada pela Secretaria de Sa\u00fade. \u00c9 poss\u00edvel acompanhar a evolu\u00e7\u00e3o dos casos no portal da transpar\u00eancia do coronav\u00edrus, no <a href=\"http:\/\/www.petropolis.rj.gov.br\">site da Prefeitura<\/a>.<\/p>\n\n\n\n<div class=\"wp-block-image\"><figure class=\"aligncenter size-large is-resized\"><img loading=\"lazy\" decoding=\"async\" src=\"https:\/\/tvc16.com\/portal\/wp-content\/uploads\/2021\/11\/WhatsApp-Image-2021-11-15-at-7.36.22-PM-1-819x1024.jpeg\" alt=\"\" class=\"wp-image-24598\" width=\"408\" height=\"510\" srcset=\"https:\/\/tvc16.com\/portal\/wp-content\/uploads\/2021\/11\/WhatsApp-Image-2021-11-15-at-7.36.22-PM-1-819x1024.jpeg 819w, https:\/\/tvc16.com\/portal\/wp-content\/uploads\/2021\/11\/WhatsApp-Image-2021-11-15-at-7.36.22-PM-1-240x300.jpeg 240w, https:\/\/tvc16.com\/portal\/wp-content\/uploads\/2021\/11\/WhatsApp-Image-2021-11-15-at-7.36.22-PM-1-768x960.jpeg 768w, https:\/\/tvc16.com\/portal\/wp-content\/uploads\/2021\/11\/WhatsApp-Image-2021-11-15-at-7.36.22-PM-1.jpeg 1080w\" sizes=\"auto, (max-width: 408px) 100vw, 408px\" \/><\/figure><\/div>\n\n\n\n<p><\/p>\n","protected":false},"excerpt":{"rendered":"<p>A taxa de ocupa\u00e7\u00e3o de leitos para pacientes com covid-19 no Sistema \u00danico de Sa\u00fade,<\/p>\n","protected":false},"author":2,"featured_media":24597,"comment_status":"open","ping_status":"open","sticky":false,"template":"","format":"standard","meta":{"footnotes":""},"categories":[12,13],"tags":[],"class_list":["post-24596","post","type-post","status-publish","format-standard","has-post-thumbnail","hentry","category-cidade","category-saude"],"_links":{"self":[{"href":"https:\/\/tvc16.com\/portal\/wp-json\/wp\/v2\/posts\/24596","targetHints":{"allow":["GET"]}}],"collection":[{"href":"https:\/\/tvc16.com\/portal\/wp-json\/wp\/v2\/posts"}],"about":[{"href":"https:\/\/tvc16.com\/portal\/wp-json\/wp\/v2\/types\/post"}],"author":[{"embeddable":true,"href":"https:\/\/tvc16.com\/portal\/wp-json\/wp\/v2\/users\/2"}],"replies":[{"embeddable":true,"href":"https:\/\/tvc16.com\/portal\/wp-json\/wp\/v2\/comments?post=24596"}],"version-history":[{"count":1,"href":"https:\/\/tvc16.com\/portal\/wp-json\/wp\/v2\/posts\/24596\/revisions"}],"predecessor-version":[{"id":24599,"href":"https:\/\/tvc16.com\/portal\/wp-json\/wp\/v2\/posts\/24596\/revisions\/24599"}],"wp:featuredmedia":[{"embeddable":true,"href":"https:\/\/tvc16.com\/portal\/wp-json\/wp\/v2\/media\/24597"}],"wp:attachment":[{"href":"https:\/\/tvc16.com\/portal\/wp-json\/wp\/v2\/media?parent=24596"}],"wp:term":[{"taxonomy":"category","embeddable":true,"href":"https:\/\/tvc16.com\/portal\/wp-json\/wp\/v2\/categories?post=24596"},{"taxonomy":"post_tag","embeddable":true,"href":"https:\/\/tvc16.com\/portal\/wp-json\/wp\/v2\/tags?post=24596"}],"curies":[{"name":"wp","href":"https:\/\/api.w.org\/{rel}","templated":true}]}}