{"id":24656,"date":"2021-11-16T15:38:41","date_gmt":"2021-11-16T18:38:41","guid":{"rendered":"https:\/\/tvc16.com\/portal\/?p=24656"},"modified":"2021-11-16T15:38:43","modified_gmt":"2021-11-16T18:38:43","slug":"mutirao-de-limpeza-cidade-limpa-e-realizado-no-perpetuo-em-teresopolis","status":"publish","type":"post","link":"https:\/\/tvc16.com\/portal\/2021\/11\/16\/mutirao-de-limpeza-cidade-limpa-e-realizado-no-perpetuo-em-teresopolis\/","title":{"rendered":"Mutir\u00e3o de Limpeza \u2018Cidade Limpa\u2019 \u00e9 realizado no Perp\u00e9tuo, em Teres\u00f3polis"},"content":{"rendered":"\n<p>O projeto \u2018Cidade Limpa\u2019 chegou ao Perp\u00e9tuo no \u00faltimo s\u00e1bado, 13. O mutir\u00e3o de limpeza visa intensificar a\u00e7\u00f5es de limpeza e de ordena\u00e7\u00e3o do espa\u00e7o p\u00fablico na cidade e no interior. O \u2018Cidade Limpa\u2019 \u00e9 um dos seis eixos do programa municipal \u2018Ter\u00ea T\u00e3o Bela\u2019, idealizado pelo Prefeito Vinicius Claussen e que tem o objetivo de criar uma identidade e resgatar o se ntimento de pertencimento e orgulho do morador de Teres\u00f3polis pela cidade.<\/p>\n\n\n\n<p>O mutir\u00e3o consistiu em varri\u00e7\u00e3o de vias e recolhimento de lixo ensacado e descartado irregularmente. A a\u00e7\u00e3o contou com a participa\u00e7\u00e3o de equipes da Ouvidoria Municipal, das secretarias de Meio Ambiente, Defesa Civil e de Servi\u00e7os P\u00fablicos e do projeto Proteger Teres\u00f3polis\/Unifeso (Centro Universit\u00e1rio Serra dos \u00d3rg\u00e3os), com a participa\u00e7\u00e3o de alunos de v\u00e1rios cursos, como Medicina e Direito, da Associa\u00e7\u00e3o de Moradores do bairro, do juiz federal Caio M\u00e1rcio Taranto e da pr\u00f3pria comunidade.<\/p>\n\n\n\n<p>De acordo com o Ouvidor Geral, Leonardo Manso, que coordena o \u2018Cidade Limpa\u2019, al\u00e9m do mutir\u00e3o de limpeza, o projeto prev\u00ea ainda a\u00e7\u00f5es de conscientiza\u00e7\u00e3o nos bairros e nas escolas e o aumento do n\u00famero dos ecopontos para o lixo recicl\u00e1vel. O munic\u00edpio conta com 19 ecopontos e at\u00e9 o final do ano ter\u00e1 25, al\u00e9m dos instalados nas escolas. A ideia \u00e9 toda semana realizar um mutir\u00e3o de limpeza em um bairro diferente, onde j\u00e1 existe uma associa\u00e7\u00e3o de moradores organizada e a presen\u00e7a do gari comunit\u00e1rio.<\/p>\n\n\n\n<p>A iniciativa tamb\u00e9m integra o programa de prepara\u00e7\u00e3o do Plano Ver\u00e3o da Defesa Civil Municipal, visando estimular a popula\u00e7\u00e3o a tomar medidas de precau\u00e7\u00e3o quanto ao descarte irregular do lixo, que pode trazer problemas s\u00e9rios como a obstru\u00e7\u00e3o de bueiros e de galerias, causando transtornos como poss\u00edveis alagamentos.<\/p>\n\n\n\n<p>Pr\u00f3ximo mutir\u00e3o de limpeza est\u00e1 previsto para o bairro do Ros\u00e1rio, dia 27 de novembro.<\/p>\n","protected":false},"excerpt":{"rendered":"<p>O projeto \u2018Cidade Limpa\u2019 chegou ao Perp\u00e9tuo no \u00faltimo s\u00e1bado, 13. O mutir\u00e3o de limpeza<\/p>\n","protected":false},"author":2,"featured_media":24657,"comment_status":"open","ping_status":"open","sticky":false,"template":"","format":"standard","meta":{"footnotes":""},"categories":[17],"tags":[],"class_list":["post-24656","post","type-post","status-publish","format-standard","has-post-thumbnail","hentry","category-outras-noticias"],"_links":{"self":[{"href":"https:\/\/tvc16.com\/portal\/wp-json\/wp\/v2\/posts\/24656","targetHints":{"allow":["GET"]}}],"collection":[{"href":"https:\/\/tvc16.com\/portal\/wp-json\/wp\/v2\/posts"}],"about":[{"href":"https:\/\/tvc16.com\/portal\/wp-json\/wp\/v2\/types\/post"}],"author":[{"embeddable":true,"href":"https:\/\/tvc16.com\/portal\/wp-json\/wp\/v2\/users\/2"}],"replies":[{"embeddable":true,"href":"https:\/\/tvc16.com\/portal\/wp-json\/wp\/v2\/comments?post=24656"}],"version-history":[{"count":1,"href":"https:\/\/tvc16.com\/portal\/wp-json\/wp\/v2\/posts\/24656\/revisions"}],"predecessor-version":[{"id":24658,"href":"https:\/\/tvc16.com\/portal\/wp-json\/wp\/v2\/posts\/24656\/revisions\/24658"}],"wp:featuredmedia":[{"embeddable":true,"href":"https:\/\/tvc16.com\/portal\/wp-json\/wp\/v2\/media\/24657"}],"wp:attachment":[{"href":"https:\/\/tvc16.com\/portal\/wp-json\/wp\/v2\/media?parent=24656"}],"wp:term":[{"taxonomy":"category","embeddable":true,"href":"https:\/\/tvc16.com\/portal\/wp-json\/wp\/v2\/categories?post=24656"},{"taxonomy":"post_tag","embeddable":true,"href":"https:\/\/tvc16.com\/portal\/wp-json\/wp\/v2\/tags?post=24656"}],"curies":[{"name":"wp","href":"https:\/\/api.w.org\/{rel}","templated":true}]}}