{"id":24665,"date":"2021-11-16T15:53:46","date_gmt":"2021-11-16T18:53:46","guid":{"rendered":"https:\/\/tvc16.com\/portal\/?p=24665"},"modified":"2021-11-16T15:55:19","modified_gmt":"2021-11-16T18:55:19","slug":"mais-de-84-milhoes-de-fluminenses-tem-a-intensao-de-comprar-na-black-friday-mostra-pesquisa-do-ifec-rj","status":"publish","type":"post","link":"https:\/\/tvc16.com\/portal\/2021\/11\/16\/mais-de-84-milhoes-de-fluminenses-tem-a-intensao-de-comprar-na-black-friday-mostra-pesquisa-do-ifec-rj\/","title":{"rendered":"Mais de 8,4 milh\u00f5es de fluminenses t\u00eam a inten\u00e7\u00e3o de comprar na Black Friday, mostra pesquisa do IFec RJ"},"content":{"rendered":"\n<p>Nos \u00faltimos anos, a Black Friday passou a ser mais conhecida no Brasil e deixou de ser apenas uma promo\u00e7\u00e3o na internet. O tradicional dia de descontos ganhou uma maior ades\u00e3o do com\u00e9rcio de rua e dos grandes centros de compras. Esse engajamento dos empres\u00e1rios fez com que os consumidores vissem na data uma oportunidade para adquirir produtos de maior valor agregado com descontos. Levantamento do Instituto Fecom\u00e9rcio de Pesquisas e An\u00e1lises (IFec RJ) revela que 60,3% dos fluminenses pretendem aproveitar as ofertas da data para realizar compras. Isso \u00e9 o equivalente a 8,4 milh\u00f5es de pessoas em todo o estado do Rio de Janeiro, ultrapassando 2020 (4,3 milh\u00f5es) e tamb\u00e9m 2019 (8 milh\u00f5es).<\/p>\n\n\n\n<p>A pesquisa aponta que os consumidores pretendem gastar cerca de R$ 1.681,59, em m\u00e9dia, nas promo\u00e7\u00f5es do final do m\u00eas de novembro, valor 91% maior que a estimativa de gasto m\u00e9dio em 2020, quando o valor atingiu R$ 876,49. O montante tamb\u00e9m ultrapassou o valor de 2019 (R$ 625,92), per\u00edodo pr\u00e9-pandemia, em quase tr\u00eas vezes.<\/p>\n\n\n\n<p>Entre as op\u00e7\u00f5es preferidas est\u00e3o: eletr\u00f4nicos (56,4%), eletrodom\u00e9sticos (47,5%), itens do vestu\u00e1rio, cal\u00e7ados e acess\u00f3rios (32,6%), m\u00f3veis (26,5%), artigos de uso pessoal (22,7%) e pacotes de viagem (12,2%).<\/p>\n\n\n\n<p>Em menor propor\u00e7\u00e3o aparecem os livros e artigos de papelaria (11,6%), itens de alimenta\u00e7\u00e3o (11,6%), servi\u00e7os de est\u00e9tica e beleza (6,6%) e itens de material de constru\u00e7\u00e3o (5%).<\/p>\n\n\n\n<p>Ao serem perguntados onde far\u00e3o suas compras, a maior parte dos pesquisados respondeu que se dividiriam entre lojas f\u00edsicas e online (49,2%), s\u00f3 online (44,2%) e somente f\u00edsica (6,6%).<\/p>\n\n\n\n<p>A sondagem ocorreu entre os dias 5 e 11 de novembro econtou com a participa\u00e7\u00e3o de 300 consumidores em todo o estado do Rio de Janeiro.<\/p>\n","protected":false},"excerpt":{"rendered":"<p>Nos \u00faltimos anos, a Black Friday passou a ser mais conhecida no Brasil e deixou<\/p>\n","protected":false},"author":2,"featured_media":24666,"comment_status":"open","ping_status":"open","sticky":false,"template":"","format":"standard","meta":{"footnotes":""},"categories":[18,17],"tags":[],"class_list":["post-24665","post","type-post","status-publish","format-standard","has-post-thumbnail","hentry","category-economia","category-outras-noticias"],"_links":{"self":[{"href":"https:\/\/tvc16.com\/portal\/wp-json\/wp\/v2\/posts\/24665","targetHints":{"allow":["GET"]}}],"collection":[{"href":"https:\/\/tvc16.com\/portal\/wp-json\/wp\/v2\/posts"}],"about":[{"href":"https:\/\/tvc16.com\/portal\/wp-json\/wp\/v2\/types\/post"}],"author":[{"embeddable":true,"href":"https:\/\/tvc16.com\/portal\/wp-json\/wp\/v2\/users\/2"}],"replies":[{"embeddable":true,"href":"https:\/\/tvc16.com\/portal\/wp-json\/wp\/v2\/comments?post=24665"}],"version-history":[{"count":2,"href":"https:\/\/tvc16.com\/portal\/wp-json\/wp\/v2\/posts\/24665\/revisions"}],"predecessor-version":[{"id":24668,"href":"https:\/\/tvc16.com\/portal\/wp-json\/wp\/v2\/posts\/24665\/revisions\/24668"}],"wp:featuredmedia":[{"embeddable":true,"href":"https:\/\/tvc16.com\/portal\/wp-json\/wp\/v2\/media\/24666"}],"wp:attachment":[{"href":"https:\/\/tvc16.com\/portal\/wp-json\/wp\/v2\/media?parent=24665"}],"wp:term":[{"taxonomy":"category","embeddable":true,"href":"https:\/\/tvc16.com\/portal\/wp-json\/wp\/v2\/categories?post=24665"},{"taxonomy":"post_tag","embeddable":true,"href":"https:\/\/tvc16.com\/portal\/wp-json\/wp\/v2\/tags?post=24665"}],"curies":[{"name":"wp","href":"https:\/\/api.w.org\/{rel}","templated":true}]}}