{"id":24669,"date":"2021-11-16T15:59:03","date_gmt":"2021-11-16T18:59:03","guid":{"rendered":"https:\/\/tvc16.com\/portal\/?p=24669"},"modified":"2021-11-16T15:59:06","modified_gmt":"2021-11-16T18:59:06","slug":"summit-firjan-iel-festival-futuros-possiveis-2021-reune-especialistas-do-brasil-e-do-mundo-para-repensar-a-performance","status":"publish","type":"post","link":"https:\/\/tvc16.com\/portal\/2021\/11\/16\/summit-firjan-iel-festival-futuros-possiveis-2021-reune-especialistas-do-brasil-e-do-mundo-para-repensar-a-performance\/","title":{"rendered":"Summit Firjan IEL + Festival Futuros Poss\u00edveis 2021 re\u00fane especialistas do Brasil e do mundo para repensar a performance"},"content":{"rendered":"\n<p>Entre os dias 17 e 19 de novembro, a Casa Firjan realiza o&nbsp;<strong>Summit Firjan IEL + Festival Futuros Poss\u00edveis 2021.<\/strong>&nbsp;O evento ter\u00e1 como tema central&nbsp;<strong>&#8220;Repensando a performance<\/strong>&#8221; e contar\u00e1 com especialistas nacionais e internacionais para discutir os desafios de hoje, os chamados sinais fortes, e seus desdobramentos em futuros ainda distantes, os sinais fracos. Este \u00e9 o segundo ano consecutivo que o Summit Firjan IEL e o Futuros Poss\u00edveis s\u00e3o realizados juntos. Temas como&nbsp;<strong>neurotecnologia, intera\u00e7\u00e3o entre rob\u00f4s e humanos, experi\u00eancia do colaborador, otimiza\u00e7\u00e3o de processos e gest\u00e3o humanizada<\/strong>&nbsp;s\u00e3o apenas uma amostra dos assuntos que far\u00e3o parte dos pain\u00e9is.<\/p>\n\n\n\n<p>\u201cA ideia \u00e9 unir discuss\u00f5es que&nbsp;<strong>apoiem as lideran\u00e7as na busca dos melhores caminhos para atualiza\u00e7\u00e3o em um mercado cada vez mais desafiador<\/strong>. \u00c9 primordial que os gestores entendam os desafios do futuro e reflitam sobre os cen\u00e1rios de transforma\u00e7\u00e3o e suas adversidades&#8221;, explica o vice-presidente da Firjan e presidente do Conselho de Economia Criativa, Leo Edde.<\/p>\n\n\n\n<p>Os tr\u00eas dias de evento ser\u00e3o divididos em sub tem\u00e1ticas. No dia 1, os palestrantes falar\u00e3o em torno do assunto&nbsp;<strong>Gest\u00e3o humanizada potencializando equipes<\/strong>. No dia 2,&nbsp;<strong>Tecnologias colaborativas e processos \u00e1geis<\/strong>&nbsp;\u00e9 o assunto que vai nortear as discuss\u00f5es. J\u00e1 no \u00faltimo e terceiro dia,&nbsp;<strong>Inova\u00e7\u00e3o eficiente e os limites \u00e9ticos para performance humana<\/strong>&nbsp;fecha o evento.<\/p>\n\n\n\n<p>\u201cA pandemia exigiu uma capacidade de adapta\u00e7\u00e3o e rea\u00e7\u00e3o muito r\u00e1pida. Tivemos que lidar com novas rotinas, comportamentos e tecnologias em meio a tantas incertezas e amea\u00e7as. E diante disso tudo, ainda tivemos que continuar performando. O tema central, portanto, vem para instigar a reflex\u00e3o: o que significa ter uma boa performance? E quais s\u00e3o os custos, implica\u00e7\u00f5es e exig\u00eancias? Vamos abordar tudo isso focando tanto no indiv\u00edduo, quanto na empresa\u201d, complementa a gerente de Conte\u00fado e Inova\u00e7\u00e3o Empresarial da Firjan, Maria Isabel Oschery.<\/p>\n\n\n\n<p>Al\u00e9m dos pain\u00e9is e bate-papos on-line e oficinas, o Summit Firjan IEL + Futuros Poss\u00edveis 2021 tamb\u00e9m contar\u00e1 com a<strong>\u00a0Experi\u00eancia Imersiva E se o futuro se chamasse Talvez?<\/strong>\u00a0Nessa experi\u00eancia virtual realizada pelo\u00a0<strong>Coletivo Voc\u00ea e Eu,<\/strong>\u00a0os participantes ser\u00e3o convidados a repensar a performance por meio da investiga\u00e7\u00e3o de outras realidades poss\u00edveis. Mais informa\u00e7\u00f5es e inscri\u00e7\u00f5es para o evento podem ser feitas por aqui.\u00a0<strong><a rel=\"noreferrer noopener\" href=\"https:\/\/nam02.safelinks.protection.outlook.com\/?url=https%3A%2F%2Fsummitefuturospossiveis.casafirjan.com.br%2F&amp;data=04%7C01%7Cnrrocha%40firjan.com.br%7C48c5e8486aab47b842a708d9a45562a4%7Cd0c698d4e4ea4ee9a79df2d7a78399c8%7C0%7C0%7C637721508926424606%7CUnknown%7CTWFpbGZsb3d8eyJWIjoiMC4wLjAwMDAiLCJQIjoiV2luMzIiLCJBTiI6Ik1haWwiLCJXVCI6Mn0%3D%7C1000&amp;sdata=rmXlQk3kHMoNGjkVjMkiUYDUjMudWwHf1jYzze8iWAE%3D&amp;reserved=0\" target=\"_blank\">As inscri\u00e7\u00f5es est\u00e3o abertas e podem ser feitas por aqui.<\/a><\/strong><\/p>\n\n\n\n<p><\/p>\n\n\n\n<p><\/p>\n\n\n\n<p><strong>Confira a programa\u00e7\u00e3o completa:<\/strong><\/p>\n\n\n\n<p><strong>PAIN\u00c9IS GRATUITOS:<\/strong><\/p>\n\n\n\n<p><strong>Dia 1 | 17\/11 \u2013 Gest\u00e3o humanizada potencializando equipes<\/strong><\/p>\n\n\n\n<p><strong>9h &#8211; Abertura do evento<\/strong><\/p>\n\n\n\n<p><strong>9h10 &#8211; Como as PMEs est\u00e3o se preparando para enfrentar os desafios do futuro<\/strong><\/p>\n\n\n\n<p>Olivier Woeffray | Gerente do Conselho de Futuro Global de Ecossistemas de Inova\u00e7\u00e3o do F\u00f3rum Econ\u00f4mico Mundial<\/p>\n\n\n\n<p><strong>10h \u2013 Presentes diversos, futuros poss\u00edveis: um papo sobre sustentabilidade<\/strong><\/p>\n\n\n\n<p>S\u00e9rgio Basserman Vianna | Conselheiro da Casa Firjan, Curador de clima e sustentabilidade do Museu do Amanh\u00e3<\/p>\n\n\n\n<p><strong>10h45 &#8211; Experi\u00eancia do colaborador: Caminhos para atrair e reter talentos<\/strong><\/p>\n\n\n\n<p>Marina Sobral | S\u00f3cia e diretora do Great Place To Work<\/p>\n\n\n\n<p>Bruno Leonardo | CEO e Cofundador da Witseed<\/p>\n\n\n\n<p>Gabriella Albuquerque | Consultora em bem-estar, carreira e \u201cWork life balance\u201d<\/p>\n\n\n\n<p>Media\u00e7\u00e3o: Aline Aride | Pesquisadora em Design para o bem-estar e Especialista de Conte\u00fado da Casa Firjan<\/p>\n\n\n\n<p><strong>12h20 &#8211; A import\u00e2ncia das metodologias de Estudos de Futuros para se guiar nas incertezas<\/strong><\/p>\n\n\n\n<p>Yvette Montero | Cofundadora da The Future School e ex-gerente de Insights de Futuro da Walt Disney Company<\/p>\n\n\n\n<p><strong>18h &#8211; Experi\u00eancia Imersiva E se o futuro se chamasse Talvez? (on-line)<\/strong><\/p>\n\n\n\n<p><strong>Dia 2 | 18\/11 &#8211; Tecnologias colaborativas e processos \u00e1geis<\/strong><\/p>\n\n\n\n<p><strong>9h &#8211; Lean Inception: Como alinhar pessoas e construir o produto certo<\/strong><\/p>\n\n\n\n<p>Paulo Caroli | Autor do livro bestseller &#8220;Lean Inception: Como alinhar pessoas e construir o produto certo&#8221;<\/p>\n\n\n\n<p><strong>9h50 &#8211; Como desenvolver agilidade e otimizar a performance das empresas<\/strong><\/p>\n\n\n\n<p>Mariana Zaparolli Martins | Especialista em \u00c1gil na Bain &amp; Company<\/p>\n\n\n\n<p>Erasto Meneses | Especialista em Lean Manufacturing<\/p>\n\n\n\n<p>Valter Zanacoli | Empres\u00e1rio da editora Vozes<\/p>\n\n\n\n<p>Media\u00e7\u00e3o: Rafaela Rio | Gerente de planejamento estrat\u00e9gico Firjan<\/p>\n\n\n\n<p><strong>11h30 &#8211; Novos sistemas e organiza\u00e7\u00f5es de trabalho entre rob\u00f4s e humanos<\/strong><\/p>\n\n\n\n<p>Denis Pineda | Gerente regional da Universal Robots A\/S para a Am\u00e9rica do Sul<\/p>\n\n\n\n<p>Cauam Ferreira Cardoso | PhD pesquisador associado do MIT Industrial Performance Center<\/p>\n\n\n\n<p>Karla Figueiredo | Professora de Intelig\u00eancia Artificial no IME\/UERJ<\/p>\n\n\n\n<p>Michele de Souza | Fundadora e CEO da Cycor Cibern\u00e9tica<\/p>\n\n\n\n<p>Media\u00e7\u00e3o: Damian Horacio Jose Gomez | Coordenador do IST Automa\u00e7\u00e3o Industrial<\/p>\n\n\n\n<p><strong>18h &#8211; Experi\u00eancia Imersiva E se o futuro se chamasse Talvez? (on-line)<\/strong><\/p>\n\n\n\n<p><strong>Dia 3 | 19\/11 &#8211; Inova\u00e7\u00e3o eficiente e os limites \u00e9ticos para a performance humana<\/strong><\/p>\n\n\n\n<p><strong>9h &#8211; \u201cCostovation\u201d: Como gastar menos e inovar mais<\/strong><\/p>\n\n\n\n<p>Jennifer Luo Law | Autora de \u201cCostovation\u201d: Inova\u00e7\u00e3o que d\u00e1 a seus clientes<\/p>\n\n\n\n<p>exatamente o que eles desejam &#8211; e nada mais\u201d e consultora de estrat\u00e9gia e inova\u00e7\u00e3o na New Markets Advisors<\/p>\n\n\n\n<p><strong>9h50 &#8211; \u201cCostovation\u201d na pr\u00e1tica \u2013 Case Pfizer<\/strong><\/p>\n\n\n\n<p>Jos\u00e9 Claudio Terra | Diretor de Transforma\u00e7\u00e3o de Neg\u00f3cios da Pfizer<\/p>\n\n\n\n<p><strong>10h25 &#8211; Neuroteconologia e o potencial do c\u00e9rebro humano<\/strong><\/p>\n\n\n\n<p>Iain McIntyre | Fundador e CEO da Humm<\/p>\n\n\n\n<p><strong>11h10 &#8211; Desafios \u00e9ticos do uso da tecnologia para o aumento da performance<\/strong><\/p>\n\n\n\n<p>Abby Everett Jaques | Fil\u00f3sofa PhD pesquisadora interdisciplinar associada do MIT Industrial Performance Center<\/p>\n\n\n\n<p><strong>11h45 &#8211; Neuroci\u00eancia e os impactos cognitivos de um mundo cada vez mais acelerado<\/strong><\/p>\n\n\n\n<p>Suzana Herculano | PhD em Neuroci\u00eancia e pesquisadora associada da Vanderbilt University<\/p>\n\n\n\n<p><strong>12h20 &#8211; Macrotend\u00eancias<\/strong><\/p>\n\n\n\n<p>Carol Fernandes | Coordenadora do Lab de Tend\u00eancias da Casa Firjan<\/p>\n\n\n\n<p>Isabela Petrosillo | Pesquisadora do Lab de Tend\u00eancias da Casa Firjan<\/p>\n\n\n\n<p><strong>18h &#8211; Experi\u00eancia Imersiva E se o futuro se chamasse talvez? (on-line)<\/strong><\/p>\n\n\n\n<p><strong>OFICINAS PAGAS:<\/strong><\/p>\n\n\n\n<p><strong>DIA 1 \u2013 17\/11<\/strong><\/p>\n\n\n\n<p>14h30 \u00e0s 18h30 | Intelig\u00eancia Emocional para alta performance (presencial)<\/p>\n\n\n\n<p>15h \u00e0s 18h | Jogo Futuros Poss\u00edveis: Construindo cen\u00e1rios (on-line)<\/p>\n\n\n\n<p><strong>DIA 2 \u2013 18\/11<\/strong><\/p>\n\n\n\n<p>15h \u00e0s 18h | Prototipagem no pensamento Lean (Fab Storming) (presencial)<\/p>\n\n\n\n<p>19h |Transformando o Mindset do L\u00edder para Adapta\u00e7\u00e3o em Tempos Vol\u00e1teis<\/p>\n\n\n\n<p>(parte 1) (on-line)<\/p>\n\n\n\n<p>19h | Transforma\u00e7\u00e3o Digital de Processos Internos (on-line)<\/p>\n\n\n\n<p><strong>DIA 3 \u2013 19\/11<\/strong><\/p>\n\n\n\n<p>15h | Lean Manufacturing (on-line)<\/p>\n\n\n\n<p>19h | Transformando o Mindset do L\u00edder para Adapta\u00e7\u00e3o em Tempos Vol\u00e1teis (parte 2) (on-line)<\/p>\n","protected":false},"excerpt":{"rendered":"<p>Entre os dias 17 e 19 de novembro, a Casa Firjan realiza o&nbsp;Summit Firjan IEL<\/p>\n","protected":false},"author":2,"featured_media":24671,"comment_status":"open","ping_status":"open","sticky":false,"template":"","format":"standard","meta":{"footnotes":""},"categories":[12,19],"tags":[],"class_list":["post-24669","post","type-post","status-publish","format-standard","has-post-thumbnail","hentry","category-cidade","category-educacao"],"_links":{"self":[{"href":"https:\/\/tvc16.com\/portal\/wp-json\/wp\/v2\/posts\/24669","targetHints":{"allow":["GET"]}}],"collection":[{"href":"https:\/\/tvc16.com\/portal\/wp-json\/wp\/v2\/posts"}],"about":[{"href":"https:\/\/tvc16.com\/portal\/wp-json\/wp\/v2\/types\/post"}],"author":[{"embeddable":true,"href":"https:\/\/tvc16.com\/portal\/wp-json\/wp\/v2\/users\/2"}],"replies":[{"embeddable":true,"href":"https:\/\/tvc16.com\/portal\/wp-json\/wp\/v2\/comments?post=24669"}],"version-history":[{"count":1,"href":"https:\/\/tvc16.com\/portal\/wp-json\/wp\/v2\/posts\/24669\/revisions"}],"predecessor-version":[{"id":24672,"href":"https:\/\/tvc16.com\/portal\/wp-json\/wp\/v2\/posts\/24669\/revisions\/24672"}],"wp:featuredmedia":[{"embeddable":true,"href":"https:\/\/tvc16.com\/portal\/wp-json\/wp\/v2\/media\/24671"}],"wp:attachment":[{"href":"https:\/\/tvc16.com\/portal\/wp-json\/wp\/v2\/media?parent=24669"}],"wp:term":[{"taxonomy":"category","embeddable":true,"href":"https:\/\/tvc16.com\/portal\/wp-json\/wp\/v2\/categories?post=24669"},{"taxonomy":"post_tag","embeddable":true,"href":"https:\/\/tvc16.com\/portal\/wp-json\/wp\/v2\/tags?post=24669"}],"curies":[{"name":"wp","href":"https:\/\/api.w.org\/{rel}","templated":true}]}}