{"id":24695,"date":"2021-11-16T18:08:50","date_gmt":"2021-11-16T21:08:50","guid":{"rendered":"https:\/\/tvc16.com\/portal\/?p=24695"},"modified":"2021-11-16T18:08:53","modified_gmt":"2021-11-16T21:08:53","slug":"andre-brasil-faz-vaquinha-virtual-para-processar-o-comite-paralimpico-internacional","status":"publish","type":"post","link":"https:\/\/tvc16.com\/portal\/2021\/11\/16\/andre-brasil-faz-vaquinha-virtual-para-processar-o-comite-paralimpico-internacional\/","title":{"rendered":"Andr\u00e9 Brasil faz vaquinha virtual para processar o Comit\u00ea Paral\u00edmpico Internacional"},"content":{"rendered":"\n<p>O nadador paral\u00edmpico Andr\u00e9 Brasil processa, desde abril de 2019, o Comit\u00ea Paral\u00edmpico Internacional (IPC) buscando uma revis\u00e3o do processo que o considerou ineleg\u00edvel para a pr\u00e1tica do esporte adaptado.<img decoding=\"async\" src=\"https:\/\/agenciabrasil.ebc.com.br\/ebc.png?id=1427948&amp;o=node\"><img decoding=\"async\" src=\"https:\/\/agenciabrasil.ebc.com.br\/ebc.gif?id=1427948&amp;o=node\"><\/p>\n\n\n\n<p>A justificativa do \u00f3rg\u00e3o que rege o paradesporto mundial \u00e9 que, na ocasi\u00e3o, ocorreu uma reclassifica\u00e7\u00e3o em diversas modalidades, entre elas a nata\u00e7\u00e3o. Com essa mudan\u00e7a, o brasileiro, que antes estava na classe S10 (aquela que re\u00fane os atletas de menor comprometimento funcional), passou a estar fora do padr\u00e3o para seguir nadando oficialmente. Dessa forma, ele est\u00e1 impedido de participar de qualquer competi\u00e7\u00e3o.<\/p>\n\n\n\n<p>Segundo o atleta, a decis\u00e3o do IPC n\u00e3o levou em considera\u00e7\u00e3o tecnologia, ci\u00eancia, imagens subaqu\u00e1ticas (no caso da nata\u00e7\u00e3o) e exames m\u00e9dicos. \u201cInfelizmente, n\u00e3o sou o \u00fanico atleta a passar por esse tipo de situa\u00e7\u00e3o perante o IPC. Muitos atletas de basquete em cadeiras de rodas que se classificaram para os Jogos Paral\u00edmpicos de T\u00f3quio tamb\u00e9m foram repentinamente notificados de que n\u00e3o poderiam mais competir, pois o IPC decidiu alterar as regras de classifica\u00e7\u00e3o. Atletas de t\u00eanis em cadeira de rodas enfrentaram o mesmo desafio, mas seu comit\u00ea local conseguiu negociar com o IPC um per\u00edodo de transi\u00e7\u00e3o para permitir que competissem em T\u00f3quio. Al\u00e9m de mim, outros tiveram essa oportunidade negada. Nossas carreiras foram encerradas pelo IPC, embora nossas condi\u00e7\u00f5es m\u00e9dicas e defici\u00eancias nunca tenham apresentado qualquer grau de melhora\u201d, declarou Andr\u00e9 Brasil atrav\u00e9s da assessoria de imprensa.<\/p>\n\n\n\n<p>O processo segue na Alemanha e os tribunais exigem um dep\u00f3sito de 10 mil euros (aproximadamente R$ 63 mil). Al\u00e9m disso, o IPC exige um dep\u00f3sito de seguran\u00e7a inicial adicional no valor de 22 mil euros (R$ 137 mil).<\/p>\n\n\n\n<p>\u201cFui exclu\u00eddo do esporte que mudou a minha vida e ainda preciso encontrar uma forma de obter esse valor necess\u00e1rio para me defender\u201d, diz o atleta, que lan\u00e7ou na internet uma vaquinha virtual para buscar apoio para seguir \u00e0 frente com o pedido de revers\u00e3o.<\/p>\n\n\n\n<p>\u201cEssa luta \u00e9 de todos que acreditam em um esporte inclusivo e n\u00e3o exclusivo\u201d, concluiu. Em 15 anos de sele\u00e7\u00e3o brasileira, Andr\u00e9 Brasil conquistou 14 medalhas em Jogos Paralimpicos, 32 em Campeonatos Mundiais e 21 em Jogos Parapan-Americanos<\/p>\n","protected":false},"excerpt":{"rendered":"<p>O nadador paral\u00edmpico Andr\u00e9 Brasil processa, desde abril de 2019, o Comit\u00ea Paral\u00edmpico Internacional (IPC)<\/p>\n","protected":false},"author":2,"featured_media":24697,"comment_status":"open","ping_status":"open","sticky":false,"template":"","format":"standard","meta":{"footnotes":""},"categories":[19,17],"tags":[],"class_list":["post-24695","post","type-post","status-publish","format-standard","has-post-thumbnail","hentry","category-educacao","category-outras-noticias"],"_links":{"self":[{"href":"https:\/\/tvc16.com\/portal\/wp-json\/wp\/v2\/posts\/24695","targetHints":{"allow":["GET"]}}],"collection":[{"href":"https:\/\/tvc16.com\/portal\/wp-json\/wp\/v2\/posts"}],"about":[{"href":"https:\/\/tvc16.com\/portal\/wp-json\/wp\/v2\/types\/post"}],"author":[{"embeddable":true,"href":"https:\/\/tvc16.com\/portal\/wp-json\/wp\/v2\/users\/2"}],"replies":[{"embeddable":true,"href":"https:\/\/tvc16.com\/portal\/wp-json\/wp\/v2\/comments?post=24695"}],"version-history":[{"count":1,"href":"https:\/\/tvc16.com\/portal\/wp-json\/wp\/v2\/posts\/24695\/revisions"}],"predecessor-version":[{"id":24698,"href":"https:\/\/tvc16.com\/portal\/wp-json\/wp\/v2\/posts\/24695\/revisions\/24698"}],"wp:featuredmedia":[{"embeddable":true,"href":"https:\/\/tvc16.com\/portal\/wp-json\/wp\/v2\/media\/24697"}],"wp:attachment":[{"href":"https:\/\/tvc16.com\/portal\/wp-json\/wp\/v2\/media?parent=24695"}],"wp:term":[{"taxonomy":"category","embeddable":true,"href":"https:\/\/tvc16.com\/portal\/wp-json\/wp\/v2\/categories?post=24695"},{"taxonomy":"post_tag","embeddable":true,"href":"https:\/\/tvc16.com\/portal\/wp-json\/wp\/v2\/tags?post=24695"}],"curies":[{"name":"wp","href":"https:\/\/api.w.org\/{rel}","templated":true}]}}