{"id":24699,"date":"2021-11-16T18:31:19","date_gmt":"2021-11-16T21:31:19","guid":{"rendered":"https:\/\/tvc16.com\/portal\/?p=24699"},"modified":"2021-11-16T18:37:18","modified_gmt":"2021-11-16T21:37:18","slug":"petropolitano-sobre-ao-podio-na-meia-maratona-do-rio","status":"publish","type":"post","link":"https:\/\/tvc16.com\/portal\/2021\/11\/16\/petropolitano-sobre-ao-podio-na-meia-maratona-do-rio\/","title":{"rendered":"Petropolitano sobe ao p\u00f3dio na Meia Maratona do Rio"},"content":{"rendered":"\n<p>Concentra\u00e7\u00e3o, equil\u00edbrio e supera\u00e7\u00e3o foram os fatores determinantes para que o jardineiro Carlos Alberto Naussus, de 61 anos, subisse ao p\u00f3dio em mais uma competi\u00e7\u00e3o esportiva, neste fim de semana. Disputando a Meia Maratona do Rio, o atleta percorreu 21 quil\u00f4metros em um per\u00edodo de apenas duas horas e dois minutos, desempenho que lhe rendeu a terceira posi\u00e7\u00e3o na classifica\u00e7\u00e3o por faixa et\u00e1ria e elogios por parte dos competidores. No dia seguinte, ao disputar a Maratona, ele correu por 42 quil\u00f4metros e conquistou a sexta coloca\u00e7\u00e3o por faixa et\u00e1ria, em uma das competi\u00e7\u00f5es mais relevantes no mundo do esporte.<\/p>\n\n\n\n<p>Rodovi\u00e1rio h\u00e1 22 anos, Carlos dedica as horas vagas aos treinos. Vencendo o v\u00edcio da bebida alco\u00f3lica e abandonando o cigarro h\u00e1 cinco anos, ele se voltou \u00e0s pr\u00e1ticas esportivas e competi\u00e7\u00f5es, colecionando neste per\u00edodo, um total de 19 medalhas e quatro trof\u00e9us, em suas variadas maratonas disputadas.<\/p>\n\n\n\n<p>\u201cParticipando da corrida da vida, encontrei in\u00fameros desafios e tive que fazer escolhas. Hoje, sou um exemplo de supera\u00e7\u00e3o e motivo de orgulho para os meus amigos e familiares, que acompanham as conquistas de cada desafio\u201d, disse o atleta, carinhosamente conhecido por todos como \u201cCanequinha\u201d.<\/p>\n\n\n\n<p>Competindo a Meia Maratona no domingo (14), Carlos Alberto completou o percurso com in\u00edcio no Leblon e t\u00e9rmino no Aterro do Flamengo, levando a terceira posi\u00e7\u00e3o na faixa et\u00e1ria 60\/64 anos. No dia seguinte, disputando a Maratona do Rio, que conta com 42 quil\u00f4metros de trajeto, o atleta se destacou, ultrapassando a linha de chegada na sexta posi\u00e7\u00e3o, com um tempo total de quatro horas e 26 minutos.<\/p>\n\n\n\n<p>\u201cSempre busco o equil\u00edbrio do corpo e da mente para dar o meu melhor durante as competi\u00e7\u00f5es. Ainda conto com o apoio fundamental da esposa, a qual sou casado h\u00e1 mais de 50 anos, al\u00e9m do casal de filhos e tr\u00eas netos. Ainda tenho a parceria da Petro Ita, que sempre d\u00e1 um suporte para que eu consiga participar dos eventos pelo pa\u00eds, mantendo firme meu sonho de competir\u201d, disse.<\/p>\n\n\n\n<p>Fazendo parte da rotina de treinamentos, Carlos Alberto relembrou uma das maiores dist\u00e2ncias j\u00e1 percorridas em Petr\u00f3polis. Em seguida, o atleta ainda detalhou a expectativa para os pr\u00f3ximos anos.<\/p>\n\n\n\n<p>\u201cSou morador do bairro Castel\u00e2nea e, certa vez, maratonei at\u00e9 a comunidade do Manga Larga, em Itaipava, em um per\u00edodo de uma hora e 15 minutos. Geralmente, determino alguns desafios pr\u00f3prios e tento cumprir. Ap\u00f3s a conquista da \u00faltima semana, a expectativa \u00e9 participar das pr\u00f3ximas competi\u00e7\u00f5es e trazer medalhas para o nosso munic\u00edpio. Estou pronto para os desafios\u201d, concluiu o Canequinha.<\/p>\n","protected":false},"excerpt":{"rendered":"<p>Concentra\u00e7\u00e3o, equil\u00edbrio e supera\u00e7\u00e3o foram os fatores determinantes para que o jardineiro Carlos Alberto Naussus,<\/p>\n","protected":false},"author":2,"featured_media":24700,"comment_status":"open","ping_status":"open","sticky":false,"template":"","format":"standard","meta":{"footnotes":""},"categories":[12,20],"tags":[],"class_list":["post-24699","post","type-post","status-publish","format-standard","has-post-thumbnail","hentry","category-cidade","category-esporte"],"_links":{"self":[{"href":"https:\/\/tvc16.com\/portal\/wp-json\/wp\/v2\/posts\/24699","targetHints":{"allow":["GET"]}}],"collection":[{"href":"https:\/\/tvc16.com\/portal\/wp-json\/wp\/v2\/posts"}],"about":[{"href":"https:\/\/tvc16.com\/portal\/wp-json\/wp\/v2\/types\/post"}],"author":[{"embeddable":true,"href":"https:\/\/tvc16.com\/portal\/wp-json\/wp\/v2\/users\/2"}],"replies":[{"embeddable":true,"href":"https:\/\/tvc16.com\/portal\/wp-json\/wp\/v2\/comments?post=24699"}],"version-history":[{"count":3,"href":"https:\/\/tvc16.com\/portal\/wp-json\/wp\/v2\/posts\/24699\/revisions"}],"predecessor-version":[{"id":24704,"href":"https:\/\/tvc16.com\/portal\/wp-json\/wp\/v2\/posts\/24699\/revisions\/24704"}],"wp:featuredmedia":[{"embeddable":true,"href":"https:\/\/tvc16.com\/portal\/wp-json\/wp\/v2\/media\/24700"}],"wp:attachment":[{"href":"https:\/\/tvc16.com\/portal\/wp-json\/wp\/v2\/media?parent=24699"}],"wp:term":[{"taxonomy":"category","embeddable":true,"href":"https:\/\/tvc16.com\/portal\/wp-json\/wp\/v2\/categories?post=24699"},{"taxonomy":"post_tag","embeddable":true,"href":"https:\/\/tvc16.com\/portal\/wp-json\/wp\/v2\/tags?post=24699"}],"curies":[{"name":"wp","href":"https:\/\/api.w.org\/{rel}","templated":true}]}}