{"id":2481,"date":"2020-10-11T14:16:45","date_gmt":"2020-10-11T14:16:45","guid":{"rendered":"https:\/\/tvc16.com\/portal\/?p=2481"},"modified":"2020-10-11T14:16:45","modified_gmt":"2020-10-11T14:16:45","slug":"projeto-de-lei-prorroga-plano-nacional-de-cultura-por-dois-anos","status":"publish","type":"post","link":"https:\/\/tvc16.com\/portal\/2020\/10\/11\/projeto-de-lei-prorroga-plano-nacional-de-cultura-por-dois-anos\/","title":{"rendered":"Projeto de lei prorroga Plano Nacional de Cultura por dois anos"},"content":{"rendered":"\n<p>O presidente Jair Bolsonaro encaminhou ao Congresso Nacional um projeto de lei que prev\u00ea a prorroga\u00e7\u00e3o do Plano Nacional de Cultura (PNC) por mais dois anos. O plano se encerraria em 2 de dezembro de 2020. A ideia do Executivo \u00e9 dar suporte ao Sistema Nacional de Cultura, processo de gest\u00e3o e promo\u00e7\u00e3o das pol\u00edticas p\u00fablicas de cultura, pactuadas entre Uni\u00e3o, estados, Distrito Federal e munic\u00edpios e a sociedade.&nbsp;<\/p>\n\n\n\n<p><strong><a href=\"https:\/\/brasil61.com\/noticias\/prazo-para-municipios-solicitarem-recursos-de-ajuda-a-cultura-termina-em-16-de-outubro-bras202038\">Prazo para munic\u00edpios solicitarem recursos de ajuda \u00e0 cultura termina em 16 de outubro<\/a><\/strong><\/p>\n\n\n\n<p><strong><a href=\"https:\/\/brasil61.com\/noticias\/agentes-das-forcas-armadas-ajudam-no-combate-aos-incendios-florestais-no-pantanal-bras201966\">Minist\u00e9rio do Turismo libera R$ 2 bilh\u00f5es para apoiar a cultura de estados e munic\u00edpios<\/a><\/strong><br><br>O Plano Nacional de Cultura (PNC) \u00e9 um conjunto de objetivos, diretrizes, estrat\u00e9gias e metas que orientam o poder p\u00fablico na formula\u00e7\u00e3o de pol\u00edticas para o setor. O objetivo \u00e9 orientar o desenvolvimento de iniciativas culturais que visem a valoriza\u00e7\u00e3o, a promo\u00e7\u00e3o e a preserva\u00e7\u00e3o da diversidade cultural existente no Brasil.<br>&nbsp;<\/p>\n\n\n\n<p>Fonte: <a href=\"https:\/\/brasil61.com\/noticias\/projeto-de-lei-prorroga-plano-nacional-de-cultura-por-dois-anos-bras202164?email=bethdeoliveira@yahoo.com.br&amp;utm_source=newsletter&amp;utm_medium=newsletter&amp;utm_campaign=newsletter\" target=\"_blank\" rel=\"noreferrer noopener\">Brasil 61<\/a><\/p>\n","protected":false},"excerpt":{"rendered":"<p>O presidente Jair Bolsonaro encaminhou ao Congresso Nacional um projeto de lei que prev\u00ea a<\/p>\n","protected":false},"author":2,"featured_media":2482,"comment_status":"open","ping_status":"open","sticky":false,"template":"","format":"standard","meta":{"footnotes":""},"categories":[21],"tags":[],"class_list":["post-2481","post","type-post","status-publish","format-standard","has-post-thumbnail","hentry","category-cultura"],"_links":{"self":[{"href":"https:\/\/tvc16.com\/portal\/wp-json\/wp\/v2\/posts\/2481","targetHints":{"allow":["GET"]}}],"collection":[{"href":"https:\/\/tvc16.com\/portal\/wp-json\/wp\/v2\/posts"}],"about":[{"href":"https:\/\/tvc16.com\/portal\/wp-json\/wp\/v2\/types\/post"}],"author":[{"embeddable":true,"href":"https:\/\/tvc16.com\/portal\/wp-json\/wp\/v2\/users\/2"}],"replies":[{"embeddable":true,"href":"https:\/\/tvc16.com\/portal\/wp-json\/wp\/v2\/comments?post=2481"}],"version-history":[{"count":1,"href":"https:\/\/tvc16.com\/portal\/wp-json\/wp\/v2\/posts\/2481\/revisions"}],"predecessor-version":[{"id":2483,"href":"https:\/\/tvc16.com\/portal\/wp-json\/wp\/v2\/posts\/2481\/revisions\/2483"}],"wp:featuredmedia":[{"embeddable":true,"href":"https:\/\/tvc16.com\/portal\/wp-json\/wp\/v2\/media\/2482"}],"wp:attachment":[{"href":"https:\/\/tvc16.com\/portal\/wp-json\/wp\/v2\/media?parent=2481"}],"wp:term":[{"taxonomy":"category","embeddable":true,"href":"https:\/\/tvc16.com\/portal\/wp-json\/wp\/v2\/categories?post=2481"},{"taxonomy":"post_tag","embeddable":true,"href":"https:\/\/tvc16.com\/portal\/wp-json\/wp\/v2\/tags?post=2481"}],"curies":[{"name":"wp","href":"https:\/\/api.w.org\/{rel}","templated":true}]}}