{"id":2484,"date":"2020-10-11T14:19:26","date_gmt":"2020-10-11T14:19:26","guid":{"rendered":"https:\/\/tvc16.com\/portal\/?p=2484"},"modified":"2020-10-11T14:19:26","modified_gmt":"2020-10-11T14:19:26","slug":"proprietarios-de-veiculos-novos-podem-rodar-sem-placa-em-todo-o-pais","status":"publish","type":"post","link":"https:\/\/tvc16.com\/portal\/2020\/10\/11\/proprietarios-de-veiculos-novos-podem-rodar-sem-placa-em-todo-o-pais\/","title":{"rendered":"Propriet\u00e1rios de ve\u00edculos novos podem rodar sem placa em todo o pa\u00eds"},"content":{"rendered":"\n<p>Uma determina\u00e7\u00e3o do Conselho Nacional de Tr\u00e2nsito (Contran) interrompeu, por tempo indeterminado para fins de fiscaliza\u00e7\u00e3o, os prazos relativos a registro e licenciamento de ve\u00edculos novos, desde que ainda n\u00e3o expirados. Isso porque medidas adotadas para controle da pandemia da Covid-19, impuseram paralisa\u00e7\u00e3o ou restri\u00e7\u00e3o no atendimento presencial dos Departamentos Estaduais de Tr\u00e2nsito (Detrans) e tem impedido ou dificultado o primeiro licenciamento, dentre outros servi\u00e7os.<\/p>\n\n\n\n<p><strong><a href=\"https:\/\/brasil61.com\/noticias\/brasil-61-mostra-que-8-estados-brasileiros-tiveram-queda-nos-acidentes-com-motos-bras200698\">Brasil 61 mostra que 8 estados brasileiros tiveram queda nos acidentes com motos<\/a><\/strong><\/p>\n\n\n\n<p>Para compensar, os propriet\u00e1rios de ve\u00edculos zero-quil\u00f4metro foram autorizados a rodar sem placa de identifica\u00e7\u00e3o em todo o Brasil. A condi\u00e7\u00e3o \u00e9 que o prazo para a obten\u00e7\u00e3o do Certificado de Registro de Ve\u00edculo (CRV) n\u00e3o tenha expirado antes de 19 de mar\u00e7o. Apesar disso, se o motorista preferir realizar o emplacamento do seu carro, mesmo tendo a permiss\u00e3o e rodar sem as placas, \u00e9 poss\u00edvel. Nesse caso, para realizar o servi\u00e7o \u00e9 preciso contratar um despachante, j\u00e1 que as novas placas do Mercosul n\u00e3o precisam de lacre.<\/p>\n\n\n\n<p>\u00c9 importante destacar que, em condi\u00e7\u00f5es normais, dirigir carro sem placa \u00e9 infra\u00e7\u00e3o grav\u00edssima. O motorista flagrado rodando com ve\u00edculo sem placa nem autoriza\u00e7\u00e3o especial \u00e9 enquadrado por infra\u00e7\u00e3o grav\u00edssima, com multa de R$ 293,47, perda de sete pontos na CNH e remo\u00e7\u00e3o do ve\u00edculo.<\/p>\n\n\n\n<p>Fonte: <a href=\"https:\/\/brasil61.com\/noticias\/proprietarios-de-veiculos-novos-podem-rodar-sem-placa-em-todo-o-pais-por-causa-da-paralisacao-dos-detrans-bras202167?email=bethdeoliveira@yahoo.com.br&amp;utm_source=newsletter&amp;utm_medium=newsletter&amp;utm_campaign=newsletter\" target=\"_blank\" rel=\"noreferrer noopener\">Brasil 61<\/a><\/p>\n","protected":false},"excerpt":{"rendered":"<p>Uma determina\u00e7\u00e3o do Conselho Nacional de Tr\u00e2nsito (Contran) interrompeu, por tempo indeterminado para fins de<\/p>\n","protected":false},"author":2,"featured_media":2485,"comment_status":"open","ping_status":"open","sticky":false,"template":"","format":"standard","meta":{"footnotes":""},"categories":[14],"tags":[],"class_list":["post-2484","post","type-post","status-publish","format-standard","has-post-thumbnail","hentry","category-pais"],"_links":{"self":[{"href":"https:\/\/tvc16.com\/portal\/wp-json\/wp\/v2\/posts\/2484","targetHints":{"allow":["GET"]}}],"collection":[{"href":"https:\/\/tvc16.com\/portal\/wp-json\/wp\/v2\/posts"}],"about":[{"href":"https:\/\/tvc16.com\/portal\/wp-json\/wp\/v2\/types\/post"}],"author":[{"embeddable":true,"href":"https:\/\/tvc16.com\/portal\/wp-json\/wp\/v2\/users\/2"}],"replies":[{"embeddable":true,"href":"https:\/\/tvc16.com\/portal\/wp-json\/wp\/v2\/comments?post=2484"}],"version-history":[{"count":1,"href":"https:\/\/tvc16.com\/portal\/wp-json\/wp\/v2\/posts\/2484\/revisions"}],"predecessor-version":[{"id":2486,"href":"https:\/\/tvc16.com\/portal\/wp-json\/wp\/v2\/posts\/2484\/revisions\/2486"}],"wp:featuredmedia":[{"embeddable":true,"href":"https:\/\/tvc16.com\/portal\/wp-json\/wp\/v2\/media\/2485"}],"wp:attachment":[{"href":"https:\/\/tvc16.com\/portal\/wp-json\/wp\/v2\/media?parent=2484"}],"wp:term":[{"taxonomy":"category","embeddable":true,"href":"https:\/\/tvc16.com\/portal\/wp-json\/wp\/v2\/categories?post=2484"},{"taxonomy":"post_tag","embeddable":true,"href":"https:\/\/tvc16.com\/portal\/wp-json\/wp\/v2\/tags?post=2484"}],"curies":[{"name":"wp","href":"https:\/\/api.w.org\/{rel}","templated":true}]}}