{"id":24929,"date":"2021-11-19T14:19:39","date_gmt":"2021-11-19T17:19:39","guid":{"rendered":"https:\/\/tvc16.com\/portal\/?p=24929"},"modified":"2021-11-19T14:19:42","modified_gmt":"2021-11-19T17:19:42","slug":"justica-federal-rejeita-liminar-para-afastar-presidente-do-inep","status":"publish","type":"post","link":"https:\/\/tvc16.com\/portal\/2021\/11\/19\/justica-federal-rejeita-liminar-para-afastar-presidente-do-inep\/","title":{"rendered":"Justi\u00e7a Federal rejeita liminar para afastar presidente do Inep"},"content":{"rendered":"\n<p>A Justi\u00e7a Federal do Distrito Federal (JFDF) negou nessa quinta-feira (18) um pedido de liminar (decis\u00e3o provis\u00f3ria) para afastar do cargo o presidente do Instituto Nacional de Estudos e Pesquisas Educacionais An\u00edsio Teixeira (Inep), Danilo Dupas.&nbsp;<img decoding=\"async\" src=\"https:\/\/agenciabrasil.ebc.com.br\/ebc.png?id=1428242&amp;o=node\"><img decoding=\"async\" src=\"https:\/\/agenciabrasil.ebc.com.br\/ebc.gif?id=1428242&amp;o=node\"><\/p>\n\n\n\n<p>O pedido foi feito por tr\u00eas entidades ligadas \u00e0 Educa\u00e7\u00e3o \u2013 o Instituto Campanha Nacional pelo Direito \u00e0 Educa\u00e7\u00e3o, a Educafro (Educa\u00e7\u00e3o e Cidadania de Afrodescendentes e Carentes) e a Uni\u00e3o Brasileira dos Estudantes Secundaristas (Ubes).<\/p>\n\n\n\n<p>Em conjunto, as entidades alegaram risco \u00e0 realiza\u00e7\u00e3o do Exame Nacional do Ensino M\u00e9dio (Enem), cujas provas est\u00e3o marcadas para os pr\u00f3ximos dois domingos (21 e 28 de novembro). A a\u00e7\u00e3o foi aberta ap\u00f3s 37 servidores do Inep pedirem exonera\u00e7\u00e3o de cargos de chefia alegando \u201cfragilidade t\u00e9cnica e administrativa\u201d da atual diretoria do instituto.<\/p>\n\n\n\n<p>Ao analisar o pedido de liminar, o juiz Marcelo Rebello Pinheiro, da 16<sup>a<\/sup>&nbsp;Vara Federal de Bras\u00edlia, reconheceu que a exonera\u00e7\u00e3o coletiva de servidores pode ser ind\u00edcio de m\u00e1 gest\u00e3o e conduta \u00edmproba, mas afirmou n\u00e3o haver \u201clastro probat\u00f3rio suficiente\u201d para justificar a concess\u00e3o da liminar para afastar Dupas.<\/p>\n\n\n\n<h2 class=\"wp-block-heading\">Contradit\u00f3rio<\/h2>\n\n\n\n<p>O magistrado entendeu que a an\u00e1lise da mat\u00e9ria necessita de \u201cmaior aprofundamento, com a realiza\u00e7\u00e3o de amplo contradit\u00f3rio\u201d. Ele acrescentou ainda que o afastamento do presidente do Inep seria \u201cmedida excessivamente gravosa, pode prejudicar a realiza\u00e7\u00e3o da primeira etapa do Enem\u201d.<\/p>\n\n\n\n<p>Na peti\u00e7\u00e3o inicial, as entidades educacionais alegaram, com base em reportagens jornal\u00edsticas, que haveria tentativa de interfer\u00eancia ideol\u00f3gica sobre as quest\u00f5es do Enem por parte da atual administra\u00e7\u00e3o, mediante \u201catos abusivos, \u00edmprobos e il\u00edcitos\u201d.<\/p>\n\n\n\n<p>O Inep nega irregularidades\u00a0e atribuiu as exonera\u00e7\u00f5es a quest\u00f5es administrativas. Em audi\u00eancia no Senado, Dupas afirmou n\u00e3o haver nenhum risco \u00e0 realiza\u00e7\u00e3o do Enem. Nesta semana, o\u00a0ministro da Educa\u00e7\u00e3o, Milton Ribeiro,\u00a0tamb\u00e9m negou interfer\u00eancia pol\u00edtica sobre as quest\u00f5es do exame.<\/p>\n\n\n\n<h2 class=\"wp-block-heading\">DPU<\/h2>\n\n\n\n<p>Em outra a\u00e7\u00e3o, a\u00a0Defensoria P\u00fablica da Uni\u00e3o (DPU)\u00a0pediu que a Justi\u00e7a Federal de S\u00e3o Paulo obrigue o Inep a apresentar documentos que comprovem medidas para garantir a seguran\u00e7a do Exame Nacional do Ensino M\u00e9dio (Enem).<\/p>\n\n\n\n<p>A DPU pede explica\u00e7\u00f5es sobre quais medidas foram e est\u00e3o sendo adotadas para que a sa\u00edda de servidores que atuavam diretamente no Enem n\u00e3o coloque em risco a seguran\u00e7a do exame contra o vazamento de informa\u00e7\u00f5es e contra fraudes.<\/p>\n","protected":false},"excerpt":{"rendered":"<p>A Justi\u00e7a Federal do Distrito Federal (JFDF) negou nessa quinta-feira (18) um pedido de liminar<\/p>\n","protected":false},"author":2,"featured_media":24930,"comment_status":"open","ping_status":"open","sticky":false,"template":"","format":"standard","meta":{"footnotes":""},"categories":[19,17],"tags":[],"class_list":["post-24929","post","type-post","status-publish","format-standard","has-post-thumbnail","hentry","category-educacao","category-outras-noticias"],"_links":{"self":[{"href":"https:\/\/tvc16.com\/portal\/wp-json\/wp\/v2\/posts\/24929","targetHints":{"allow":["GET"]}}],"collection":[{"href":"https:\/\/tvc16.com\/portal\/wp-json\/wp\/v2\/posts"}],"about":[{"href":"https:\/\/tvc16.com\/portal\/wp-json\/wp\/v2\/types\/post"}],"author":[{"embeddable":true,"href":"https:\/\/tvc16.com\/portal\/wp-json\/wp\/v2\/users\/2"}],"replies":[{"embeddable":true,"href":"https:\/\/tvc16.com\/portal\/wp-json\/wp\/v2\/comments?post=24929"}],"version-history":[{"count":1,"href":"https:\/\/tvc16.com\/portal\/wp-json\/wp\/v2\/posts\/24929\/revisions"}],"predecessor-version":[{"id":24931,"href":"https:\/\/tvc16.com\/portal\/wp-json\/wp\/v2\/posts\/24929\/revisions\/24931"}],"wp:featuredmedia":[{"embeddable":true,"href":"https:\/\/tvc16.com\/portal\/wp-json\/wp\/v2\/media\/24930"}],"wp:attachment":[{"href":"https:\/\/tvc16.com\/portal\/wp-json\/wp\/v2\/media?parent=24929"}],"wp:term":[{"taxonomy":"category","embeddable":true,"href":"https:\/\/tvc16.com\/portal\/wp-json\/wp\/v2\/categories?post=24929"},{"taxonomy":"post_tag","embeddable":true,"href":"https:\/\/tvc16.com\/portal\/wp-json\/wp\/v2\/tags?post=24929"}],"curies":[{"name":"wp","href":"https:\/\/api.w.org\/{rel}","templated":true}]}}