{"id":24934,"date":"2021-11-19T14:24:53","date_gmt":"2021-11-19T17:24:53","guid":{"rendered":"https:\/\/tvc16.com\/portal\/?p=24934"},"modified":"2021-11-19T14:24:55","modified_gmt":"2021-11-19T17:24:55","slug":"pnad-2020-cresce-numero-de-familias-com-renda-de-programas-sociais","status":"publish","type":"post","link":"https:\/\/tvc16.com\/portal\/2021\/11\/19\/pnad-2020-cresce-numero-de-familias-com-renda-de-programas-sociais\/","title":{"rendered":"Pnad 2020: cresce n\u00famero de fam\u00edlias com renda de programas sociais"},"content":{"rendered":"\n<p>O total de domic\u00edlios nos quais as pessoas recebiam outros programas sociais subiu de 0,7% para 23,7% de 2019 para 2020. O percentual representa 16,928 milh\u00f5es domic\u00edlios que auferiam no ano passado este tipo de rendimento.<img decoding=\"async\" src=\"https:\/\/agenciabrasil.ebc.com.br\/ebc.png?id=1428236&amp;o=node\"><img decoding=\"async\" src=\"https:\/\/agenciabrasil.ebc.com.br\/ebc.gif?id=1428236&amp;o=node\"><\/p>\n\n\n\n<p>O aumento foi notado em todas as regi\u00f5es, mas os maiores percentuais foram no Norte, onde cresceu de 0,5% para 32,2%, e no Nordeste, que saiu de 0,8% para 34%.<\/p>\n\n\n\n<p>Os dados fazem parte da pesquisa Pesquisa Nacional por Amostra de Domic\u00edlios &#8211; Pnad Cont\u00ednua 2020: Rendimento de todas as fontes, divulgada hoje (19), no Rio de Janeiro, pelo Instituto Brasileiro de Geografia e Estat\u00edstica (IBGE).<\/p>\n\n\n\n<p>Segundo o estudo, a causa da expans\u00e3o foi a concess\u00e3o do aux\u00edlio emergencial, criado pelo governo federal durante a pandemia visando atender trabalhadores informais, microempreendedores individuais (MEI), aut\u00f4nomos e desempregados.<\/p>\n\n\n\n<p>Na Pnad Cont\u00ednua 2020, o benef\u00edcio entrou na rubrica de outros rendimentos, como valores recebidos por meio de programas sociais, aplica\u00e7\u00f5es financeiras, seguro-desemprego e seguro-defeso.<\/p>\n\n\n\n<p>\u201cEsse aumento de 0,7% para 23,7% \u00e9 porque muitos domic\u00edlios tinham algu\u00e9m ganhando o aux\u00edlio emergencial. Aqui n\u00e3o \u00e9 o n\u00famero de pessoas. \u00c9 o percentual de domic\u00edlios com algu\u00e9m recebendo outros programas sociais\u201d, disse Alessandra Scalioni Brito, analista da pesquisa.<\/p>\n\n\n\n<h2 class=\"wp-block-heading\">Norte e Nordeste<\/h2>\n\n\n\n<p>As maiores propor\u00e7\u00f5es de domic\u00edlios com benefici\u00e1rios de programas sociais foram verificadas nas regi\u00f5es Norte e Nordeste. Nelas, 12,9% e 14,2%, respectivamente, tinham rendimento do Programa Bolsa Fam\u00edlia; 5% e 4,5% do Benef\u00edcio de Presta\u00e7\u00e3o Continuada (BPC) da Lei Org\u00e2nica de Assist\u00eancia Social (Loas); e 32,2% e 34% de outros programas sociais, com destaque para o aux\u00edlio emergencial.<\/p>\n\n\n\n<p>Na outra ponta, a Regi\u00e3o Sul, independente do programa, apresentou as menores propor\u00e7\u00f5es. No Bolsa Fam\u00edlia eram 2,9%, BPC-Loas 1,7% e outros programas sociais 14,4%.<\/p>\n\n\n\n<p>Os domic\u00edlios que recebiam o BPC-Loas tamb\u00e9m recuaram. Eram 3,5% e ca\u00edram para 3,1% no per\u00edodo. Em 2019 o valor chegou a R$ 761 e, no ano seguinte, &nbsp;R$ 792.<\/p>\n\n\n\n<p>Na rubrica de outros rendimentos, as regi\u00f5es Norte e Nordeste tiveram ganhos expressivos. De 2019 para 2020 houve um aumento de 47,8% na regi\u00e3o Norte, passando de R$ 435 em m\u00e9dia para R$ 643, e no Nordeste, de 55% saindo de R$ 400 para R$ 620 em m\u00e9dia.<\/p>\n\n\n\n<p>\u201cJ\u00e1 na regi\u00e3o Sudeste e Sul, a gente teve uma redu\u00e7\u00e3o. Isso porque Norte e Nordeste, em geral, j\u00e1 t\u00eam um peso maior de Bolsa Fam\u00edlia e de BPC. Quando surgiu o aux\u00edlio emergencial e alguns benefici\u00e1rios do Bolsa Fam\u00edlia come\u00e7aram a receber o aux\u00edlio, havia mais gente recebendo em m\u00e9dia um valor bem maior do que o Bolsa Fam\u00edlia pagava, que era de R$ 200. Se passa a pagar o aux\u00edlio de R$ 600 ou de R$ 1.200, ent\u00e3o essa rubrica, que no Norte e no Nordeste j\u00e1 tem maior peso, fez a de outros rendimentos ter um aumento de valor m\u00e9dio\u201d, afirmou Alessandra.<\/p>\n\n\n\n<h2 class=\"wp-block-heading\">Bolsa Fam\u00edlia<\/h2>\n\n\n\n<p>Em outro movimento, a parcela de domic\u00edlios recebendo o Bolsa Fam\u00edlia teve queda de 14,3% para 7,2%. Isso se deve em parte porque alguns benefici\u00e1rios passaram a receber o aux\u00edlio emergencial. Segundo a analista, durante a pesquisa de campo pode ter ocorrido o relato errado do tipo de benef\u00edcio.<\/p>\n\n\n\n<p>A pessoa pode ter falado que ganhava o Bolsa Fam\u00edlia e estava recebendo o aux\u00edlio ou o contr\u00e1rio. Al\u00e9m disso, uma parte das pessoas do Bolsa Fam\u00edlia come\u00e7ou a receber o aux\u00edlio, que foi pensado para o benefici\u00e1rio que recebia menos de R$ 600 em m\u00e9dia. O rendimento m\u00e9dio de um domic\u00edlio que ganhava Bolsa Fam\u00edlia em 2020 era R$ 379 e o que n\u00e3o ganhava este benef\u00edcio era de R$ 1.453.<\/p>\n\n\n\n<p>\u201cNem todo mundo que ganhava o Bolsa Fam\u00edlia recebeu o aux\u00edlio, mas algumas pessoas passaram a ter o aux\u00edlio. A\u00ed a redu\u00e7\u00e3o de 14,3% de domic\u00edlios onde havia algu\u00e9m ganhando o Bolsa Fam\u00edlia para 7,2%, parte vai ser porque essa pessoa passou a receber o aux\u00edlio, mas tamb\u00e9m pode ser por confus\u00e3o no campo do que \u00e9 Bolsa Fam\u00edlia e aux\u00edlio\u201d, observou.<\/p>\n\n\n\n<h2 class=\"wp-block-heading\">Estados e prefeituras<\/h2>\n\n\n\n<p>Adriana Beringuy, analista da pesquisa, disse que, entre outros programas sociais, est\u00e3o inclu\u00eddas medidas adotadas por governos estaduais e prefeituras. \u201cEm 2020, al\u00e9m do aux\u00edlio emergencial providenciado pelo governo federal, algumas prefeituras e governos locais tamb\u00e9m adicionaram algum valor aos programas que esses governos j\u00e1 distribuem como forma tamb\u00e9m de combate aos efeitos da pandemia na economia local. Dentro dessa rubrica a gente tem esses aux\u00edlios extraordin\u00e1rios implementados por conta da pandemia, obviamente que o principal \u00e9 o aux\u00edlio emergencial pelo valor do benef\u00edcio e a amplitude de quem podia receber\u201d, completou.<\/p>\n\n\n\n<h2 class=\"wp-block-heading\">Repondera\u00e7\u00e3o<\/h2>\n\n\n\n<p>De acordo com o IBGE, a partir da divulga\u00e7\u00e3o de novembro de 2021, as estimativas mensais e trimestrais da Pesquisa Nacional por Amostra de Domic\u00edlios &#8211; PNAD Cont\u00ednua &#8211; s\u00e3o calculadas incorporando o novo m\u00e9todo de pondera\u00e7\u00e3o, incluindo a s\u00e9rie hist\u00f3rica dos indicadores, que \u00e9 de 2012 a 2020. Em cada divulga\u00e7\u00e3o tem\u00e1tica anual, as estimativas ser\u00e3o calculadas incorporando o novo m\u00e9todo de pondera\u00e7\u00e3o, e refazendo, inclusive, a s\u00e9rie hist\u00f3rica dos indicadores. A Pnad Cont\u00ednua 2020: Rendimento de todas as fontes j\u00e1 incorporou essa repondera\u00e7\u00e3o da s\u00e9rie hist\u00f3rica da pesquisa.<\/p>\n\n\n\n<p>Luna Hidalgo, estat\u00edstica do IBGE, afirmou que a calibra\u00e7\u00e3o foi feita porque o IBGE mudou o modo de coleta das informa\u00e7\u00f5es. \u201cA gente n\u00e3o podia mais ir na casa das pessoas entrevistar. A gente teve que fazer isso por telefone e isso fez com que o perfil do nosso respondente mudasse, tanto quanto o perfil da popula\u00e7\u00e3o brasileira. Para mitigar essa diferen\u00e7a, a gente fez uma calibra\u00e7\u00e3o\u201d, finalizou.<\/p>\n","protected":false},"excerpt":{"rendered":"<p>O total de domic\u00edlios nos quais as pessoas recebiam outros programas sociais subiu de 0,7%<\/p>\n","protected":false},"author":2,"featured_media":24935,"comment_status":"open","ping_status":"open","sticky":false,"template":"","format":"standard","meta":{"footnotes":""},"categories":[18,17],"tags":[],"class_list":["post-24934","post","type-post","status-publish","format-standard","has-post-thumbnail","hentry","category-economia","category-outras-noticias"],"_links":{"self":[{"href":"https:\/\/tvc16.com\/portal\/wp-json\/wp\/v2\/posts\/24934","targetHints":{"allow":["GET"]}}],"collection":[{"href":"https:\/\/tvc16.com\/portal\/wp-json\/wp\/v2\/posts"}],"about":[{"href":"https:\/\/tvc16.com\/portal\/wp-json\/wp\/v2\/types\/post"}],"author":[{"embeddable":true,"href":"https:\/\/tvc16.com\/portal\/wp-json\/wp\/v2\/users\/2"}],"replies":[{"embeddable":true,"href":"https:\/\/tvc16.com\/portal\/wp-json\/wp\/v2\/comments?post=24934"}],"version-history":[{"count":1,"href":"https:\/\/tvc16.com\/portal\/wp-json\/wp\/v2\/posts\/24934\/revisions"}],"predecessor-version":[{"id":24936,"href":"https:\/\/tvc16.com\/portal\/wp-json\/wp\/v2\/posts\/24934\/revisions\/24936"}],"wp:featuredmedia":[{"embeddable":true,"href":"https:\/\/tvc16.com\/portal\/wp-json\/wp\/v2\/media\/24935"}],"wp:attachment":[{"href":"https:\/\/tvc16.com\/portal\/wp-json\/wp\/v2\/media?parent=24934"}],"wp:term":[{"taxonomy":"category","embeddable":true,"href":"https:\/\/tvc16.com\/portal\/wp-json\/wp\/v2\/categories?post=24934"},{"taxonomy":"post_tag","embeddable":true,"href":"https:\/\/tvc16.com\/portal\/wp-json\/wp\/v2\/tags?post=24934"}],"curies":[{"name":"wp","href":"https:\/\/api.w.org\/{rel}","templated":true}]}}