{"id":24956,"date":"2021-11-21T07:00:00","date_gmt":"2021-11-21T10:00:00","guid":{"rendered":"https:\/\/tvc16.com\/portal\/?p=24956"},"modified":"2021-11-19T15:38:28","modified_gmt":"2021-11-19T18:38:28","slug":"primeira-etapa-do-enem-acontece-neste-domingo","status":"publish","type":"post","link":"https:\/\/tvc16.com\/portal\/2021\/11\/21\/primeira-etapa-do-enem-acontece-neste-domingo\/","title":{"rendered":"Primeira etapa do Enem acontece neste domingo"},"content":{"rendered":"\n<p>Acontece hoje (21) a primeira etapa do Exame Nacional do Ensino M\u00e9dio (Enem). Neste primeiro dia, os candidatos far\u00e3o, al\u00e9m das provas objetivas de linguagens e ci\u00eancias humanas, a \u00fanica prova subjetiva da avalia\u00e7\u00e3o, a reda\u00e7\u00e3o. Nesta edi\u00e7\u00e3o, o tema ser\u00e1 o mesmo, tanto para o Enem impresso quanto para o digital e, em ambas modalidades, o texto dever\u00e1 ser feito \u00e0 m\u00e3o. Por isso, \u00e9\u00a0obrigat\u00f3rio levar\u00a0caneta esferogr\u00e1fica de tinta preta fabricada em material transparente.<img decoding=\"async\" src=\"https:\/\/agenciabrasil.ebc.com.br\/ebc.png?id=1427984&amp;o=node\"><img decoding=\"async\" src=\"https:\/\/agenciabrasil.ebc.com.br\/ebc.gif?id=1427984&amp;o=node\"><\/p>\n\n\n\n<p>Ir bem na reda\u00e7\u00e3o pode ser um diferencial para o candidato. Para participar de programas como o Sistema de Sele\u00e7\u00e3o Unificada (Sisu), que oferece vagas em institui\u00e7\u00f5es p\u00fablicas de ensino superior, e o Programa Universidade para Todos (ProUni), que concede bolsas de estudo em institui\u00e7\u00f5es privadas de ensino superior, \u00e9 necess\u00e1rio n\u00e3o ter tirado zero na reda\u00e7\u00e3o.<\/p>\n\n\n\n<p>O Instituto Nacional de Estudos e Pesquisas Educacionais An\u00edsio Teixeira (Inep) disponibiliza todos os anos, conforme previsto no edital do exame, uma cartilha com os detalhes da corre\u00e7\u00e3o. Ainda n\u00e3o foi disponibilizada a cartilha do Enem 2021.\u00a0Documentos de anos anteriores, com exemplos de reda\u00e7\u00f5es que receberam a nota m\u00e1xima, 1 mil, est\u00e3o dispon\u00edveis na p\u00e1gina da autarquia.\u00a0<\/p>\n\n\n\n<h2 class=\"wp-block-heading\">Dicas&nbsp;<\/h2>\n\n\n\n<p>Conhecer as provas de reda\u00e7\u00e3o anteriores pode ajudar os candidatos, segundo o coordenador de Integra\u00e7\u00e3o Pedag\u00f3gica do SAS Plataforma de Educa\u00e7\u00e3o, Vinicius Beltr\u00e3o. \u201cOs temas de reda\u00e7\u00e3o geralmente s\u00e3o c\u00edclicos. Ou v\u00e3o trazer quest\u00f5es de inclus\u00e3o ou quest\u00f5es sobre cidadania e \u00e9tica. Podem falar de comportamento, de sociedade da informa\u00e7\u00e3o, esses temas macros sempre s\u00e3o previstos pensando numa realidade brasileira\u201d.&nbsp;<\/p>\n\n\n\n<p>Como os candidatos precisam, al\u00e9m de ter um conhecimento m\u00ednimo sobre o assunto, fazer uma proposta de interven\u00e7\u00e3o, a dica \u00e9 buscar refer\u00eancias que ajudem a embasar o texto. Podem ser m\u00fasicas, filmes, livros, not\u00edcias e documentos como a\u00a0Constitui\u00e7\u00e3o Federal\u00a0e a\u00a0Declara\u00e7\u00e3o Universal dos Direitos Humanos\u00a0da Organiza\u00e7\u00e3o das Na\u00e7\u00f5es Unidas (ONU), da qual o Brasil \u00e9 signat\u00e1rio. \u201cFazer grupo de estudo, compartilhar com colegas o que cada um andou lendo, ver os principais temas, escrever. Pegar alguns temas e refazer a reda\u00e7\u00e3o, n\u00e3o s\u00f3 para treinar a parte\u00a0cognitiva, mas para treinar o tempo\u201d.\u00a0<\/p>\n\n\n\n<p>No dia da prova, de acordo com o professor, o ideal \u00e9 reservar uma hora para fazer a reda\u00e7\u00e3o. Isso pode ser feito logo no come\u00e7o, quando o candidato est\u00e1 mais descansado. A dica \u00e9 antes mesmo de ler os textos de apoio, ver, no final do enunciado, qual \u00e9 o tema da reda\u00e7\u00e3o. Assim, quando o estudante ler os textos de apoio, j\u00e1 saber\u00e1 sobre o que precisar\u00e1 escrever e poder\u00e1 destacar elementos que o ajudem na produ\u00e7\u00e3o do pr\u00f3prio texto.&nbsp;<\/p>\n\n\n\n<p>O estudante ter\u00e1 \u00e0 disposi\u00e7\u00e3o uma folha de rascunho, mas somente o que estiver escrito em caneta preta na folha de reda\u00e7\u00e3o ser\u00e1 considerado na corre\u00e7\u00e3o. \u201c\u00c9 importante fazer o treinamento para a gest\u00e3o do tempo\u201d, recomenda Beltr\u00e3o.&nbsp;<\/p>\n","protected":false},"excerpt":{"rendered":"<p>Acontece hoje (21) a primeira etapa do Exame Nacional do Ensino M\u00e9dio (Enem). Neste primeiro<\/p>\n","protected":false},"author":2,"featured_media":24957,"comment_status":"open","ping_status":"open","sticky":false,"template":"","format":"standard","meta":{"footnotes":""},"categories":[19,17],"tags":[],"class_list":["post-24956","post","type-post","status-publish","format-standard","has-post-thumbnail","hentry","category-educacao","category-outras-noticias"],"_links":{"self":[{"href":"https:\/\/tvc16.com\/portal\/wp-json\/wp\/v2\/posts\/24956","targetHints":{"allow":["GET"]}}],"collection":[{"href":"https:\/\/tvc16.com\/portal\/wp-json\/wp\/v2\/posts"}],"about":[{"href":"https:\/\/tvc16.com\/portal\/wp-json\/wp\/v2\/types\/post"}],"author":[{"embeddable":true,"href":"https:\/\/tvc16.com\/portal\/wp-json\/wp\/v2\/users\/2"}],"replies":[{"embeddable":true,"href":"https:\/\/tvc16.com\/portal\/wp-json\/wp\/v2\/comments?post=24956"}],"version-history":[{"count":1,"href":"https:\/\/tvc16.com\/portal\/wp-json\/wp\/v2\/posts\/24956\/revisions"}],"predecessor-version":[{"id":24958,"href":"https:\/\/tvc16.com\/portal\/wp-json\/wp\/v2\/posts\/24956\/revisions\/24958"}],"wp:featuredmedia":[{"embeddable":true,"href":"https:\/\/tvc16.com\/portal\/wp-json\/wp\/v2\/media\/24957"}],"wp:attachment":[{"href":"https:\/\/tvc16.com\/portal\/wp-json\/wp\/v2\/media?parent=24956"}],"wp:term":[{"taxonomy":"category","embeddable":true,"href":"https:\/\/tvc16.com\/portal\/wp-json\/wp\/v2\/categories?post=24956"},{"taxonomy":"post_tag","embeddable":true,"href":"https:\/\/tvc16.com\/portal\/wp-json\/wp\/v2\/tags?post=24956"}],"curies":[{"name":"wp","href":"https:\/\/api.w.org\/{rel}","templated":true}]}}