{"id":24966,"date":"2021-11-21T07:00:00","date_gmt":"2021-11-21T10:00:00","guid":{"rendered":"https:\/\/tvc16.com\/portal\/?p=24966"},"modified":"2021-11-19T15:52:59","modified_gmt":"2021-11-19T18:52:59","slug":"prefeitura-de-teresopolis-promove-programacao-pelos-21-dias-de-ativismo-pelo-fim-da-violencia-contra-as-mulheres","status":"publish","type":"post","link":"https:\/\/tvc16.com\/portal\/2021\/11\/21\/prefeitura-de-teresopolis-promove-programacao-pelos-21-dias-de-ativismo-pelo-fim-da-violencia-contra-as-mulheres\/","title":{"rendered":"Prefeitura de Teres\u00f3polis promove programa\u00e7\u00e3o pelos \u201921 Dias de Ativismo pelo Fim da Viol\u00eancia contra as Mulheres\u2019"},"content":{"rendered":"\n<p>A Prefeitura de Teres\u00f3polis, por meio da Secretaria M. dos Direitos da Mulher, promove, entre os dias 23 de novembro e 10 de dezembro, uma programa\u00e7\u00e3o voltada para os \u201921 Dias de Ativismo pelo Fim da Viol\u00eancia contra as Mulheres\u2019. A campanha mundial busca conscientizar a popula\u00e7\u00e3o sobre os diferentes tipos de agress\u00e3o contra meninas e mulheres em todo o mundo. Trata-se de uma mobiliza\u00e7\u00e3o anual, empreendida por diversos atores da sociedade civil e do poder p\u00fablico.<\/p>\n\n\n\n<p>No Brasil, a campanha acontece desde 2003 e tem dura\u00e7\u00e3o de 21 dias, com in\u00edcio no dia 20 de novembro, quando se celebra o Dia Nacional da Consci\u00eancia Negra, e t\u00e9rmino no dia 10 de dezembro, Dia Internacional dos Direitos Humanos. Neste sentido, a campanha no Brasil cumpre um papel imprescind\u00edvel, ao enfatizar a discrimina\u00e7\u00e3o sofrida pelas mulheres negras.<\/p>\n\n\n\n<p>\u201cA Secretaria dos Direitos da Mulher engaja-se na Campanha adotando o tema \u2018Pelo Fim das Viol\u00eancias\u2019, em conscientiza\u00e7\u00e3o \u00e0 sociedade de Teres\u00f3polis e para ressaltar os servi\u00e7os de prote\u00e7\u00e3o em prol da Mulher, contra as viol\u00eancias que sofrem\u201d, destacou a secret\u00e1ria dos Direitos da Mulher, Margareth Rosi, ressaltando os avan\u00e7os da gest\u00e3o do Prefeito Vinicius Claussen com rela\u00e7\u00e3o \u00e0 prote\u00e7\u00e3o \u00e0 mulher v\u00edtima de viol\u00eancia:&nbsp;amplia\u00e7\u00e3o da campanha \u2018Sinal Vermelho\u2019 contra a v iol\u00eancia dom\u00e9stica, com a assinatura da Lei Municipal, de autoria da Vereadora Erika Marra; a cria\u00e7\u00e3o do programa municipal de abrigamento provis\u00f3rio; e a implanta\u00e7\u00e3o do Formul\u00e1rio Nacional de Avalia\u00e7\u00e3o de Risco \u2013 FRIDA.&nbsp;Outra importante conquista foi a instala\u00e7\u00e3o do Posto Avan\u00e7ado de Apoio \u00e0 Mulher (PAM), na Rodovi\u00e1ria, no centro da cidade. Espa\u00e7o \u00e9 o 2\u00ba instalado no Brasil e 1\u00ba no estado do Rio de Janeiro.<\/p>\n\n\n\n<p>A programa\u00e7\u00e3o inclui live, transmitida pelas redes sociais da Prefeitura, no dia 23\/11, \u00e0s 16h, com o tema \u2018Negritude, cen\u00e1rio e perspectiva da Mulher Preta \u2013 20 de novembro Dia do Zumbi dos Palmares\u2019. A live contar\u00e1 com a participa\u00e7\u00e3o da psic\u00f3loga Marcella Lopes, especialista em Promo\u00e7\u00e3o da Sa\u00fade e Desenvolvimento Social, pesquisadora e vivenciadora de Psicologia Afrocentrada e Antirracista. A mediadora ser\u00e1 a advogada Lilian de F\u00e1tima Cirico Ferreira, membro da Comiss\u00e3o da OAB Mulher da 13\u00aa Subse\u00e7\u00e3o \u2013 Teres\u00f3polis e Presidente do Conselho Municipal de Defesa dos Dir eitos da Mulher. O p\u00fablico poder\u00e1 assistir por meio do link:&nbsp;<a href=\"https:\/\/meet.google.com\/ajn-vwne-fea\" target=\"_blank\" rel=\"noreferrer noopener\">https:\/\/meet.google.com\/ajn-<wbr>vwne-fea<\/a>.<\/p>\n\n\n\n<p>No dia 24\/11, a partir das 10h, de forma virtual, acontece a reuni\u00e3o peri\u00f3dica da Rede Prote\u00e7\u00e3o \u00e0 Mulher em Teres\u00f3polis, com a participa\u00e7\u00e3o de representantes de diversos \u00f3rg\u00e3os envolvidos com o assunto, como a Secretaria da Mulher, Conselho Municipal dos Direitos da Mulher, Pol\u00edcia Militar, Pol\u00edcia Civil, Minist\u00e9rio P\u00fablico. Tamb\u00e9m ser\u00e1 realizada uma reuni\u00e3o sobre os 21 Dias de Ativismo, no dia 25\/11, das 9h \u00e0s 12h, na Casa de Cultura Adolpho Bloch, com a participa\u00e7\u00e3o de autoridades de v\u00e1rios \u00f3rg\u00e3os.<\/p>\n\n\n\n<p>No dia 30 de novembro, \u00e0s 18h, na Av. Jos\u00e9 Joaquim de Ara\u00fajo Regadas 142 \u2013 V\u00e1rzea, ser\u00e1 promovida uma palestra sobre a Campanha Sinal Vermelho,&nbsp;forma de pedido de socorro e ajuda para mulheres em situa\u00e7\u00e3o de efetiva viol\u00eancia, especialmente a dom\u00e9stica e familiar. Voltada para as profissionais mulheres da Ag\u00eancia Mary Help, a palestra ser\u00e1 ministrada pela assistente social da Secretaria dos Direitos da Mulher,&nbsp;Elisabete Rosa do Esp\u00edrito Santo.<\/p>\n\n\n\n<p>Em dezembro, ser\u00e3o promovidas tr\u00eas atividades relacionadas ao tema: 06\/12, \u00e0s 14h, na Cal\u00e7ada da Fama, din\u00e2mica intitulada \u2018Caixa Preta\u2019, com a participa\u00e7\u00e3o de integrantes do \u2018Ponto de Luz\u2019, que tem o objetivo de chamar a aten\u00e7\u00e3o dos homens para o assunto; no dia 08\/12, \u00e0s 10h, no CREAS (Rua Carmela Dutra, 812 \u2013 Agri\u00f5es) palestra \u2018Sinal Vermelho\u2019, com Beth Garcia; e dia 10\/12, das 14h \u00e0s 16h, no CEAC (Pra\u00e7a Baltazar da Silveira, 65, Cob. \u2013 V\u00e1rzea), haver\u00e1 edi\u00e7\u00e3o do \u2018Encontro com Elas\u2019, atividade de encerramento da programa\u00e7&amp;a tilde;o.<\/p>\n\n\n\n<p><strong>Servi\u00e7os de Atendimento \u00e0 Mulher<\/strong><\/p>\n\n\n\n<p>Ampliando o acolhimento \u00e0s mulheres v\u00edtimas de viol\u00eancia dom\u00e9stica ou de g\u00eanero, a Secretaria dos Direitos da Mulher mant\u00e9m o NUAM \u2013 N\u00facleo de Atendimento \u00e0 Mulher. Instalado na 110\u00aa Delegacia Policial, no Alto, o setor funciona todos os dias, inclusive nos finais de semana e feriados, com acolhimento de assistentes sociais.<\/p>\n\n\n\n<p>Existe ainda o NAM ITINERANTE \u2013 N\u00facleo de Atendimento \u00e0 Mulher, tamb\u00e9m com acolhimento de assistente social, instalado no PSF do Meudon e j\u00e1 se deslocando para outra comunidade.<\/p>\n\n\n\n<p>Para acolher mulheres que sofrem amea\u00e7as de morte foi firmado termo de conv\u00eanio com abrigos especializados, em locais seguros para ela e os filhos durante um per\u00edodo de 2 anos.<\/p>\n\n\n\n<p>Instalada no 2\u00ba piso do Centro Administrativo Municipal Manoel de Freitas (Avenida L\u00facio Meira, 375, na V\u00e1rzea), pr\u00e9dio do antigo F\u00f3rum, a Secretaria dos Direitos da Mulher funciona de segunda a sexta, das 9h \u00e0s 18h. Informa\u00e7\u00f5es sobre atendimento podem ser obtidas pelo telefone (21) 2742-1038.<\/p>\n","protected":false},"excerpt":{"rendered":"<p>A Prefeitura de Teres\u00f3polis, por meio da Secretaria M. dos Direitos da Mulher, promove, entre<\/p>\n","protected":false},"author":2,"featured_media":24967,"comment_status":"open","ping_status":"open","sticky":false,"template":"","format":"standard","meta":{"footnotes":""},"categories":[17],"tags":[],"class_list":["post-24966","post","type-post","status-publish","format-standard","has-post-thumbnail","hentry","category-outras-noticias"],"_links":{"self":[{"href":"https:\/\/tvc16.com\/portal\/wp-json\/wp\/v2\/posts\/24966","targetHints":{"allow":["GET"]}}],"collection":[{"href":"https:\/\/tvc16.com\/portal\/wp-json\/wp\/v2\/posts"}],"about":[{"href":"https:\/\/tvc16.com\/portal\/wp-json\/wp\/v2\/types\/post"}],"author":[{"embeddable":true,"href":"https:\/\/tvc16.com\/portal\/wp-json\/wp\/v2\/users\/2"}],"replies":[{"embeddable":true,"href":"https:\/\/tvc16.com\/portal\/wp-json\/wp\/v2\/comments?post=24966"}],"version-history":[{"count":1,"href":"https:\/\/tvc16.com\/portal\/wp-json\/wp\/v2\/posts\/24966\/revisions"}],"predecessor-version":[{"id":24968,"href":"https:\/\/tvc16.com\/portal\/wp-json\/wp\/v2\/posts\/24966\/revisions\/24968"}],"wp:featuredmedia":[{"embeddable":true,"href":"https:\/\/tvc16.com\/portal\/wp-json\/wp\/v2\/media\/24967"}],"wp:attachment":[{"href":"https:\/\/tvc16.com\/portal\/wp-json\/wp\/v2\/media?parent=24966"}],"wp:term":[{"taxonomy":"category","embeddable":true,"href":"https:\/\/tvc16.com\/portal\/wp-json\/wp\/v2\/categories?post=24966"},{"taxonomy":"post_tag","embeddable":true,"href":"https:\/\/tvc16.com\/portal\/wp-json\/wp\/v2\/tags?post=24966"}],"curies":[{"name":"wp","href":"https:\/\/api.w.org\/{rel}","templated":true}]}}