{"id":24969,"date":"2021-11-21T07:00:00","date_gmt":"2021-11-21T10:00:00","guid":{"rendered":"https:\/\/tvc16.com\/portal\/?p=24969"},"modified":"2021-11-19T15:57:57","modified_gmt":"2021-11-19T18:57:57","slug":"festival-literario-on-line-de-paty-de-alferes-comeca-nesta-segunda-feira","status":"publish","type":"post","link":"https:\/\/tvc16.com\/portal\/2021\/11\/21\/festival-literario-on-line-de-paty-de-alferes-comeca-nesta-segunda-feira\/","title":{"rendered":"Festival liter\u00e1rio on-line de Paty de Alferes come\u00e7a nesta segunda-feira"},"content":{"rendered":"\n<p>A prefeitura de Paty do Alferes, por meio da Secretaria Municipal de Educa\u00e7\u00e3o, realiza a partir desta segunda-feira (22), o 1\u00ba Festival Liter\u00e1rio On-line de Paty do Alferes. O evento, que tem como patrono Paulo Freire, ser\u00e1 entre os dias 22 a 26 de novembro e transmitido pelo facebook da secretaria (@educacaopatydoalferes).<\/p>\n\n\n\n<p>Um dos destaques do Festival \u00e9 a abertura, com tem\u00e1tica antirracista que vai contar com roda de conversa, apresenta\u00e7\u00e3o musical e a pe\u00e7a teatral Marianna Crioula do grupo Celeiro das artes. Tem\u00e1ticas como educa\u00e7\u00e3o inclusiva, ensino remoto, educa\u00e7\u00e3o ambiental, educa\u00e7\u00e3o infantil, direitos e prote\u00e7\u00e3o \u00e0 crian\u00e7a e ao adolescente ser\u00e3o abordadas no Festival.<\/p>\n\n\n\n<p>De acordo com o secret\u00e1rio David Mello, este \u00e9 um momento para celebrar, refletir e debater coletivamente a Educa\u00e7\u00e3o no munic\u00edpio. \u201cVai ser uma semana especial, com atra\u00e7\u00f5es culturais, rodas de conversa e palestras que v\u00e3o abordar diferentes tem\u00e1ticas da educa\u00e7\u00e3o. Uma oportunidade para todos participarem. Nossa educa\u00e7\u00e3o acabou de ficar em 1\u00ba lugar na regi\u00e3o no \u00cdndice de Oportunidade da Educa\u00e7\u00e3o Brasileira, e este \u00e9 um momento de refletirmos os caminhos da educa\u00e7\u00e3o e continuarmos a oferecermos um ensino de qualidade em nossa cidade. Agrade\u00e7o ao prefeito Juninho Bernardes, ao vice Arlindo Dentista e a toda nossa equipe empenhada neste nosso primeiro festival\u201d, destaca.<\/p>\n","protected":false},"excerpt":{"rendered":"<p>A prefeitura de Paty do Alferes, por meio da Secretaria Municipal de Educa\u00e7\u00e3o, realiza a<\/p>\n","protected":false},"author":2,"featured_media":24970,"comment_status":"open","ping_status":"open","sticky":false,"template":"","format":"standard","meta":{"footnotes":""},"categories":[19,17],"tags":[],"class_list":["post-24969","post","type-post","status-publish","format-standard","has-post-thumbnail","hentry","category-educacao","category-outras-noticias"],"_links":{"self":[{"href":"https:\/\/tvc16.com\/portal\/wp-json\/wp\/v2\/posts\/24969","targetHints":{"allow":["GET"]}}],"collection":[{"href":"https:\/\/tvc16.com\/portal\/wp-json\/wp\/v2\/posts"}],"about":[{"href":"https:\/\/tvc16.com\/portal\/wp-json\/wp\/v2\/types\/post"}],"author":[{"embeddable":true,"href":"https:\/\/tvc16.com\/portal\/wp-json\/wp\/v2\/users\/2"}],"replies":[{"embeddable":true,"href":"https:\/\/tvc16.com\/portal\/wp-json\/wp\/v2\/comments?post=24969"}],"version-history":[{"count":1,"href":"https:\/\/tvc16.com\/portal\/wp-json\/wp\/v2\/posts\/24969\/revisions"}],"predecessor-version":[{"id":24971,"href":"https:\/\/tvc16.com\/portal\/wp-json\/wp\/v2\/posts\/24969\/revisions\/24971"}],"wp:featuredmedia":[{"embeddable":true,"href":"https:\/\/tvc16.com\/portal\/wp-json\/wp\/v2\/media\/24970"}],"wp:attachment":[{"href":"https:\/\/tvc16.com\/portal\/wp-json\/wp\/v2\/media?parent=24969"}],"wp:term":[{"taxonomy":"category","embeddable":true,"href":"https:\/\/tvc16.com\/portal\/wp-json\/wp\/v2\/categories?post=24969"},{"taxonomy":"post_tag","embeddable":true,"href":"https:\/\/tvc16.com\/portal\/wp-json\/wp\/v2\/tags?post=24969"}],"curies":[{"name":"wp","href":"https:\/\/api.w.org\/{rel}","templated":true}]}}