{"id":24975,"date":"2021-11-19T16:08:47","date_gmt":"2021-11-19T19:08:47","guid":{"rendered":"https:\/\/tvc16.com\/portal\/?p=24975"},"modified":"2021-11-19T16:08:49","modified_gmt":"2021-11-19T19:08:49","slug":"governo-do-rio-de-janeiro-regulamenta-beneficio-do-icms-para-estimular-restaurantes-e-bares","status":"publish","type":"post","link":"https:\/\/tvc16.com\/portal\/2021\/11\/19\/governo-do-rio-de-janeiro-regulamenta-beneficio-do-icms-para-estimular-restaurantes-e-bares\/","title":{"rendered":"Governo do Rio de Janeiro regulamenta benef\u00edcio do ICMS para estimular restaurantes e bares"},"content":{"rendered":"\n<p>Mais uma iniciativa para a retomada da economia fluminense saiu do papel. O Governo do Estado de Rio de Janeiro publicou, no Di\u00e1rio Oficial desta sexta-feira (19), a regulamenta\u00e7\u00e3o da Lei 9.355\/21, que garante benef\u00edcios fiscais a bares e restaurantes. O Decreto 47.834\/21, assinado pelo governador Cl\u00e1udio Castro, prev\u00ea uma al\u00edquota de ICMS de 3% no fornecimento ou na sa\u00edda das refei\u00e7\u00f5es e de 4% relativa \u00e0s demais opera\u00e7\u00f5es dos estabelecimentos. A medida come\u00e7a a valer em 1\u00ba de dezembro deste ano e se estende at\u00e9 31 de dezembro de 2022.<\/p>\n\n\n\n<p>&#8220;O benef\u00edcio ajudar\u00e1 a melhorar o ambiente de neg\u00f3cios e a reaquecer o setor, que foi muito impactado pela pandemia da Covid-19. O segmento de bares e restaurantes \u00e9 essencial para o Rio de Janeiro, respons\u00e1vel pela gera\u00e7\u00e3o de mais de 170 mil empregos&#8221;, declarou o governador Cl\u00e1udio Castro.<br><br>De autoria do presidente da Alerj, deputado Andr\u00e9 Ceciliano (PT), a lei atende a um pedido do Sindicato de Bares e Restaurantes (SindRio). Trata-se de uma ades\u00e3o \u00e0s al\u00edquotas estipuladas no Estado de Minas Gerais, seguindo uma pr\u00e1tica comum e permitida pela legisla\u00e7\u00e3o. A medida busca minimizar a guerra fiscal entre estados vizinhos.<br><br>O decreto define ainda os casos em que o benef\u00edcio n\u00e3o se aplica, como nas opera\u00e7\u00f5es com isen\u00e7\u00e3o integral ou n\u00e3o incid\u00eancia do imposto e as sujeitas ao regime de substitui\u00e7\u00e3o tribut\u00e1ria, entre outras.<br><br>Para participar, o contribuinte precisa estar quite com suas obriga\u00e7\u00f5es tribut\u00e1rias. Se for constatada a exist\u00eancia de d\u00e9bitos com a Fazenda P\u00fablica Estadual durante o per\u00edodo de frui\u00e7\u00e3o do benef\u00edcio, ele perder\u00e1 o direito ao tratamento tribut\u00e1rio diferenciado. Neste caso, dever\u00e1 arrecadar, imediatamente, com os acr\u00e9scimos pertinentes, todos os valores n\u00e3o recolhidos durante a concess\u00e3o do benef\u00edcio.<\/p>\n","protected":false},"excerpt":{"rendered":"<p>Mais uma iniciativa para a retomada da economia fluminense saiu do papel. O Governo do<\/p>\n","protected":false},"author":2,"featured_media":24976,"comment_status":"open","ping_status":"open","sticky":false,"template":"","format":"standard","meta":{"footnotes":""},"categories":[17],"tags":[],"class_list":["post-24975","post","type-post","status-publish","format-standard","has-post-thumbnail","hentry","category-outras-noticias"],"_links":{"self":[{"href":"https:\/\/tvc16.com\/portal\/wp-json\/wp\/v2\/posts\/24975","targetHints":{"allow":["GET"]}}],"collection":[{"href":"https:\/\/tvc16.com\/portal\/wp-json\/wp\/v2\/posts"}],"about":[{"href":"https:\/\/tvc16.com\/portal\/wp-json\/wp\/v2\/types\/post"}],"author":[{"embeddable":true,"href":"https:\/\/tvc16.com\/portal\/wp-json\/wp\/v2\/users\/2"}],"replies":[{"embeddable":true,"href":"https:\/\/tvc16.com\/portal\/wp-json\/wp\/v2\/comments?post=24975"}],"version-history":[{"count":1,"href":"https:\/\/tvc16.com\/portal\/wp-json\/wp\/v2\/posts\/24975\/revisions"}],"predecessor-version":[{"id":24977,"href":"https:\/\/tvc16.com\/portal\/wp-json\/wp\/v2\/posts\/24975\/revisions\/24977"}],"wp:featuredmedia":[{"embeddable":true,"href":"https:\/\/tvc16.com\/portal\/wp-json\/wp\/v2\/media\/24976"}],"wp:attachment":[{"href":"https:\/\/tvc16.com\/portal\/wp-json\/wp\/v2\/media?parent=24975"}],"wp:term":[{"taxonomy":"category","embeddable":true,"href":"https:\/\/tvc16.com\/portal\/wp-json\/wp\/v2\/categories?post=24975"},{"taxonomy":"post_tag","embeddable":true,"href":"https:\/\/tvc16.com\/portal\/wp-json\/wp\/v2\/tags?post=24975"}],"curies":[{"name":"wp","href":"https:\/\/api.w.org\/{rel}","templated":true}]}}