{"id":2498,"date":"2020-10-11T14:55:52","date_gmt":"2020-10-11T14:55:52","guid":{"rendered":"https:\/\/tvc16.com\/portal\/?p=2498"},"modified":"2020-10-11T15:04:19","modified_gmt":"2020-10-11T15:04:19","slug":"escritora-petropolitana-atravessa-mares-e-derruba-fronteiras","status":"publish","type":"post","link":"https:\/\/tvc16.com\/portal\/2020\/10\/11\/escritora-petropolitana-atravessa-mares-e-derruba-fronteiras\/","title":{"rendered":"Escritora petropolitana atravessa mares e derruba fronteiras"},"content":{"rendered":"\n<p>Entrevista Sandra Brito<\/p>\n\n\n\n<p>publicado por Reda\u00e7\u00e3o TVC<\/p>\n\n\n\n<p><strong> &nbsp;<\/strong><\/p>\n\n\n\n<p><strong>(Professora, escritora e, agora, apresentadora de tv)&nbsp;<\/strong><strong>J<\/strong><strong>&nbsp;&nbsp;<\/strong><\/p>\n\n\n\n<p><strong>Beth:&nbsp;<\/strong>Hoje vamos entrevistar uma pessoa que conheci h\u00e1 algum tempo e j\u00e1 a entrevistei pessoalmente no nosso Programa Original, na \u00e9poca em virtude do lan\u00e7amento do seu livro&nbsp;<em>O tom confessional e autobiogr\u00e1fico na epistolografia de Machado de Assis.<\/em>&nbsp;Como tem sido, desde ent\u00e3o, a repercuss\u00e3o da sua obra? &nbsp;<\/p>\n\n\n\n<p><strong>Sandra:<\/strong>&nbsp;Oi Beth, que prazer em falar com voc\u00ea e com o seu p\u00fablico novamente! \u00c9 sempre uma alegria poder dividir um pouquinho da minha trajet\u00f3ria com voc\u00eas. Muita coisa aconteceu de positivo desde o lan\u00e7amento do livro. Tive a oportunidade de ser convidada para v\u00e1rios congressos no Brasil e no exterior, fiz palestras em escolas e universidades e, principalmente, fiquei muito feliz por poder levar o nome da nossa Literatura para um n\u00famero maior de leitores e entusiastas \u2013 pessoas que nunca tinham lido um livro passaram a ter curiosidade por conhecer Machado de Assis e sua obra. Isso, para mim, n\u00e3o tem pre\u00e7o. \u00c9 para isso que continuo a lutar por nossa Literatura. &nbsp;<\/p>\n\n\n\n<p><strong>Beth:<\/strong>&nbsp;Voc\u00ea falou em Machado de Assis e seu livro \u00e9 sobre as cartas pessoais dele. Por que, em um pa\u00eds com tantos autores de renome, Machado foi o escolhido? &nbsp;<\/p>\n\n\n\n<p><strong>Sandra:<\/strong>&nbsp;Na verdade ele, desde a \u00e9poca da escola quando li&nbsp;<em>Mem\u00f3rias p\u00f3stumas de Br\u00e1s Cubas,<\/em>&nbsp;Machado passou a ser meu escritor preferido. Comecei a ler tudo sobre ele: seus romances, seus contos, suas cr\u00f4nicas, suas poesias e, bem mais tarde, conheci suas pe\u00e7as teatrais e seu trabalho como cr\u00edtico liter\u00e1rio. Sempre o considerei um autor \u00e0 frente do seu tempo mas, naquela \u00e9poca, n\u00e3o tinha a maturidade necess\u00e1ria para compreender todas as nuances, as ironias e o sarcasmo presentes em sua obra. Ele era extremamente cr\u00edtico a respeito de temas muito caros \u00e0quela sociedade, como a Escravid\u00e3o, a desigualdade social, a corrup\u00e7\u00e3o e a vida de apar\u00eancias pretendida e sustentada por aquela mesma sociedade oitocentista do Rio de Janeiro. Foi somente com a releitura de suas obras e uma compreens\u00e3o mais contextualizada a respeito de sua realidade, \u00e9 que pude entender a grandiosidade de sua Literatura \u2013 n\u00e3o \u00e0 toa, considerada uma das mais ricas e complexas do mundo moderno. &nbsp;<\/p>\n\n\n\n<figure class=\"wp-block-image size-large\"><img loading=\"lazy\" decoding=\"async\" width=\"390\" height=\"584\" src=\"https:\/\/tvc16.com\/portal\/wp-content\/uploads\/2020\/10\/MACHADO.png\" alt=\"\" class=\"wp-image-2501\" srcset=\"https:\/\/tvc16.com\/portal\/wp-content\/uploads\/2020\/10\/MACHADO.png 390w, https:\/\/tvc16.com\/portal\/wp-content\/uploads\/2020\/10\/MACHADO-200x300.png 200w\" sizes=\"auto, (max-width: 390px) 100vw, 390px\" \/><\/figure>\n\n\n\n<p><strong>Beth:<\/strong>&nbsp;E foi esse seu fasc\u00ednio pelo escritor que a fez buscar o homem escondido em suas cartas pessoais? &nbsp;<\/p>\n\n\n\n<p><strong>Sandra:<\/strong>&nbsp;Exatamente. Quanto mais eu lia sua obra e a contextualizava com as dificuldades que ele enfrentava, mais curiosidade eu tinha acerca deste escritor. Um negro, filho de escravo, morador de uma senzala no Morro do Livramento, sem nunca ter frequentado a escola (este, infelizmente, n\u00e3o era um direito reservado a pessoas como ele na \u00e9poca), ter sido jornalista e diretor dos maiores jornais do pa\u00eds \u2013 como o Di\u00e1rio do Rio de Janeiro e at\u00e9 mesmo o Di\u00e1rio Oficial do Imp\u00e9rio e tornar-se o maior escritor da nossa Literatura, chegando a ser eleito o Presidente da Academia Brasileira de Letras. Para algu\u00e9m como ele, alcan\u00e7ar tantas conquistas em uma sociedade t\u00e3o preconceituosa e excludente, era algo que de fato me intrigava. Eu queria saber como se ocorrera essa caminhada. E, curiosamente, as cartas permaneciam na obscuridade da interpreta\u00e7\u00e3o. Em alguns momentos, parte delas foram compiladas em livros \u2013 mas nunca foram analisadas dentro de um fluxo dial\u00f3gico, no qual voc\u00ea pode ler as cartas enviadas e recebidas, para entender, de fato, a complexidade do texto epistolar \u2013 quem escreve uma carta espera uma resposta. Foi ent\u00e3o que descobri facetas extraordin\u00e1rias e in\u00e9ditas a partir do estudo aprofundado das mais de 1200 cartas que consegui reunir para esta pesquisa. Por este motivo, o tom autobiogr\u00e1fico da obra. &nbsp;<\/p>\n\n\n\n<p><strong>Beth:<\/strong>&nbsp;Ent\u00e3o voc\u00ea descobriu um Machado que poucos conhecem atrav\u00e9s de suas pr\u00f3prias cartas. Isso \u00e9 fant\u00e1stico. E eu me lembro que voc\u00ea disse que a ideia inicial n\u00e3o era publicar um livro, mas escrever sua Disserta\u00e7\u00e3o de Mestrado. &nbsp;<\/p>\n\n\n\n<p><strong>Sandra:<\/strong>&nbsp;\u00c9 verdade. Este foi o tema de minha Disserta\u00e7\u00e3o para a Universidade Aberta em Lisboa, Portugal. E foi este trabalho que despertou a curiosidade do p\u00fablico portugu\u00eas para o autor. Recebi uma carta de honra ao M\u00e9rito pela pesquisa e fui convidada pela Editora Chiado Books a lan\u00e7ar meu livro. Foi assim que tudo come\u00e7ou. &nbsp;<\/p>\n\n\n\n<p><strong>Beth:<\/strong>&nbsp;E ano passado voc\u00ea teve a honra de participar da Bienal Internacional do Livro no Rio. Como foi essa experi\u00eancia? &nbsp;<\/p>\n\n\n\n<p><strong>Sandra:<\/strong>&nbsp;Foi um momento incr\u00edvel. Eu, como professora, j\u00e1 fui in\u00fameras vezes \u00e0 Bienal com meus alunos. Nunca imaginei estar ali, no stand de uma editora, autografando o meu pr\u00f3prio livro. \u00c9 uma daquelas cenas que voc\u00ea n\u00e3o esquece jamais. &nbsp;<\/p>\n\n\n\n<p><strong>Beth:<\/strong>&nbsp;E eu percebi que voc\u00ea vem investindo tamb\u00e9m em suas redes sociais. Seu Instagram (@sandrabbz13) tem quase 30 mil seguidores. Este tem sido um bom canal de divulga\u00e7\u00e3o para seu trabalho? &nbsp;<\/p>\n\n\n\n<p><strong>Sandra:<\/strong>&nbsp;Na verdade, eu uso mais minhas redes para interagir com este p\u00fablico que acompanha meu trabalho \u2013 seja alunos e ex-alunos, leitores, pessoas interessadas tamb\u00e9m no ser humano por tr\u00e1s da profissional. Com eles divido parte da minha rotina, das minhas viagens, daquilo que ou\u00e7o e leio, enfim, \u00e9 um excelente canal de comunica\u00e7\u00e3o. &nbsp;<\/p>\n\n\n\n<p><strong>Beth:<\/strong>&nbsp;E agora, al\u00e9m de tudo isso, voc\u00ea faz parte da nossa equipe! Sua estreia como entrevistadora foi um sucesso, tivemos a honra de ter em nosso programa um artista internacional, o m\u00fasico Frank Valchiria. Como foi para voc\u00ea encarar este desafio? &nbsp;<\/p>\n\n\n\n<p><strong>Sandra:<\/strong>&nbsp;Para mim, tudo ocorreu de uma forma muito simples. Gravei a entrevista da minha casa e ele, de sua casa em Amsterdam. Foi como um bate-papo entre amigos e eu adorei a experi\u00eancia. O Frank \u00e9 uma pessoa muito carism\u00e1tica e generosa. Foi uma alegria conhecer um pouco mais sobre ele e ver tantos f\u00e3s mundo afora assistindo \u00e0 entrevista pelo meu canal no youtube (Sandra Brito Writer &amp; Traveller). &nbsp;<\/p>\n\n\n\n<figure class=\"wp-block-image size-large\"><img loading=\"lazy\" decoding=\"async\" width=\"564\" height=\"317\" src=\"https:\/\/tvc16.com\/portal\/wp-content\/uploads\/2020\/10\/VALCHIRIA.png\" alt=\"\" class=\"wp-image-2499\" srcset=\"https:\/\/tvc16.com\/portal\/wp-content\/uploads\/2020\/10\/VALCHIRIA.png 564w, https:\/\/tvc16.com\/portal\/wp-content\/uploads\/2020\/10\/VALCHIRIA-300x169.png 300w\" sizes=\"auto, (max-width: 564px) 100vw, 564px\" \/><\/figure>\n\n\n\n<p><strong>Beth:<\/strong>&nbsp;Ent\u00e3o, certamente teremos outras! Estamos aguardando! &nbsp;<\/p>\n\n\n\n<p><strong>Sandra:&nbsp;<\/strong>Sim, j\u00e1 temos mais duas atra\u00e7\u00f5es internacionais que aceitaram nosso convite. Mas por enquanto \u00e9 surpresa. Vamos aguardar! &nbsp;<\/p>\n\n\n\n<p><strong>Beth:<\/strong>&nbsp;E agora, para terminar, fale um pouquinho sobre o Trilhas Liter\u00e1rias. &nbsp;<\/p>\n\n\n\n<p><strong>Sandra:<\/strong>&nbsp;Foi com imensa surpresa e alegria que recebi e prontamente aceitei seu convite. A Literatura \u00e9 algo que n\u00e3o cabe em mim, preciso lev\u00e1-la cada vez mais a outras pessoas. A ideia do quadro \u00e9 fant\u00e1stica e foi pensada com muito carinho. A cada semana, falaremos um pouquinho sobre um grande nome da Literatura. Darei prefer\u00eancia a escritores da nossa L\u00edngua Portuguesa, mas iremos, vez ou outra, falar tamb\u00e9m sobre nomes importantes que as pessoas merecem conhecer mais a respeito. Ao final, fazemos uma pequena leitura e coment\u00e1rios sobre uma determinada obra. O primeiro, sobre Vinicius de Moraes, foi um sucesso, o que me deixou muito feliz e satisfeita. S\u00f3 posso agradecer a voc\u00ea por essa oportunidade fant\u00e1stica. &nbsp;<\/p>\n\n\n\n<figure class=\"wp-block-image size-large\"><img loading=\"lazy\" decoding=\"async\" width=\"552\" height=\"301\" src=\"https:\/\/tvc16.com\/portal\/wp-content\/uploads\/2020\/10\/TRILHAS.png\" alt=\"\" class=\"wp-image-2500\" srcset=\"https:\/\/tvc16.com\/portal\/wp-content\/uploads\/2020\/10\/TRILHAS.png 552w, https:\/\/tvc16.com\/portal\/wp-content\/uploads\/2020\/10\/TRILHAS-300x164.png 300w\" sizes=\"auto, (max-width: 552px) 100vw, 552px\" \/><\/figure>\n\n\n\n<p><strong>Beth:<\/strong>\u00a0Ent\u00e3o n\u00e3o percam, toda quarta-feira, dentro do Programa Original o quadro\u00a0<em>Trilhas Liter\u00e1rias,<\/em>\u00a0com Sandra Brito. <\/p>\n","protected":false},"excerpt":{"rendered":"<p>Entrevista Sandra Brito publicado por Reda\u00e7\u00e3o TVC &nbsp; (Professora, escritora e, agora, apresentadora de tv)&nbsp;J&nbsp;&nbsp;<\/p>\n","protected":false},"author":2,"featured_media":2502,"comment_status":"open","ping_status":"open","sticky":false,"template":"","format":"standard","meta":{"footnotes":""},"categories":[12],"tags":[],"class_list":["post-2498","post","type-post","status-publish","format-standard","has-post-thumbnail","hentry","category-cidade"],"_links":{"self":[{"href":"https:\/\/tvc16.com\/portal\/wp-json\/wp\/v2\/posts\/2498","targetHints":{"allow":["GET"]}}],"collection":[{"href":"https:\/\/tvc16.com\/portal\/wp-json\/wp\/v2\/posts"}],"about":[{"href":"https:\/\/tvc16.com\/portal\/wp-json\/wp\/v2\/types\/post"}],"author":[{"embeddable":true,"href":"https:\/\/tvc16.com\/portal\/wp-json\/wp\/v2\/users\/2"}],"replies":[{"embeddable":true,"href":"https:\/\/tvc16.com\/portal\/wp-json\/wp\/v2\/comments?post=2498"}],"version-history":[{"count":2,"href":"https:\/\/tvc16.com\/portal\/wp-json\/wp\/v2\/posts\/2498\/revisions"}],"predecessor-version":[{"id":2504,"href":"https:\/\/tvc16.com\/portal\/wp-json\/wp\/v2\/posts\/2498\/revisions\/2504"}],"wp:featuredmedia":[{"embeddable":true,"href":"https:\/\/tvc16.com\/portal\/wp-json\/wp\/v2\/media\/2502"}],"wp:attachment":[{"href":"https:\/\/tvc16.com\/portal\/wp-json\/wp\/v2\/media?parent=2498"}],"wp:term":[{"taxonomy":"category","embeddable":true,"href":"https:\/\/tvc16.com\/portal\/wp-json\/wp\/v2\/categories?post=2498"},{"taxonomy":"post_tag","embeddable":true,"href":"https:\/\/tvc16.com\/portal\/wp-json\/wp\/v2\/tags?post=2498"}],"curies":[{"name":"wp","href":"https:\/\/api.w.org\/{rel}","templated":true}]}}