{"id":24981,"date":"2021-11-19T16:16:32","date_gmt":"2021-11-19T19:16:32","guid":{"rendered":"https:\/\/tvc16.com\/portal\/?p=24981"},"modified":"2021-11-19T16:16:34","modified_gmt":"2021-11-19T19:16:34","slug":"tcu-abre-processo-para-analisar-criticas-a-gestao-do-inep","status":"publish","type":"post","link":"https:\/\/tvc16.com\/portal\/2021\/11\/19\/tcu-abre-processo-para-analisar-criticas-a-gestao-do-inep\/","title":{"rendered":"TCU abre processo para analisar cr\u00edticas \u00e0 gest\u00e3o do Inep"},"content":{"rendered":"\n<p>O Tribunal de Contas da Uni\u00e3o (TCU) abriu um processo para analisar os relatos feitos por parlamentares de problemas na gest\u00e3o do Instituto Nacional de Estudos e Pesquisas Educacionais An\u00edsio Teixeira (Inep).<img decoding=\"async\" src=\"https:\/\/agenciabrasil.ebc.com.br\/ebc.png?id=1428293&amp;o=node\"><img decoding=\"async\" src=\"https:\/\/agenciabrasil.ebc.com.br\/ebc.gif?id=1428293&amp;o=node\"><\/p>\n\n\n\n<p>O TCU informou que, na \u00faltima ter\u00e7a-feira (16), o Tribunal recebeu representantes da C\u00e2mara dos Deputados, que apresentaram cr\u00edticas \u00e0 gest\u00e3o do Inep. \u201cAs informa\u00e7\u00f5es relatadas por eles foram enviadas ao Tribunal por meio de uma representa\u00e7\u00e3o, que \u00e9 o documento formal\u201d, diz o \u00f3rg\u00e3o.<\/p>\n\n\n\n<p>Foi aberto um processo para analisar os pedidos dos parlamentares. A relatoria \u00e9 do ministro Walton Alencar Rodrigues. Ainda n\u00e3o h\u00e1 decis\u00e3o do Tribunal. Os documentos n\u00e3o est\u00e3o p\u00fablicos no momento.<\/p>\n\n\n\n<p>Reunidos em ato em Bras\u00edlia, no in\u00edcio deste m\u00eas, servidores do Inep protestaram contra a atual gest\u00e3o do Inep, de Danilo Dupas, denunciando riscos ao trabalho desempenhado pela autarquia que, al\u00e9m de ser respons\u00e1vel pela realiza\u00e7\u00e3o de avalia\u00e7\u00f5es de \u00e2mbito nacional da educa\u00e7\u00e3o, como o Exame Nacional do Ensino M\u00e9dio (Enem), \u00e9 tamb\u00e9m respons\u00e1vel pelos Censos da Educa\u00e7\u00e3o B\u00e1sica e Superior e pela condu\u00e7\u00e3o diversos estudos educacionais.<\/p>\n\n\n\n<p>As cr\u00edticas\u00a0culminaram em 37 servidores\u00a0pedindo exonera\u00e7\u00e3o dos cargos que ocupavam. Tanto o\u00a0presidente do Inep, quanto o ministro da Educa\u00e7\u00e3o, Milton Ribeiro, afirmaram que a\u00a0realiza\u00e7\u00e3o dos exames est\u00e1 garantida\u00a0e n\u00e3o ser\u00e1 prejudicada.<\/p>\n\n\n\n<h2 class=\"wp-block-heading\">Auditoria<\/h2>\n\n\n\n<p>Na \u00faltima quarta-feira (17), o Senado Federal aprovou um requerimento para realiza\u00e7\u00e3o de auditoria pelo TCU no Inep. A inten\u00e7\u00e3o \u00e9 que o TCU verifique a capacidade operacional do Inep para realizar exames como o Enem e o Exame Nacional de Desempenho dos Estudantes (Enade).<\/p>\n\n\n\n<p>\u201cAs crises sucessivas que motivaram as trocas de gestores do Inep, associadas \u00e0s redu\u00e7\u00f5es no or\u00e7amento daquele Instituto e \u00e0s manifesta\u00e7\u00f5es de servidores e de setores da academia, nos levam a crer na prov\u00e1vel deteriora\u00e7\u00e3o da capacidade operacional daquela autarquia federal vinculada ao Minist\u00e9rio da Educa\u00e7\u00e3o, respons\u00e1vel pela avalia\u00e7\u00e3o da Educa\u00e7\u00e3o no Pa\u00eds\u201d, diz o requerimento de autoria da senadora Leila Barros (Cidadania-DF).<\/p>\n\n\n\n<p>Os senadores pedem a realiza\u00e7\u00e3o de auditoria pelo TCU, \u00f3rg\u00e3o de controle auxiliar do Congresso Nacional, quanto \u00e0 capacidade operacional do Inep para o exerc\u00edcio das suas atribui\u00e7\u00f5es legais, em especial para a realiza\u00e7\u00e3o das provas de avalia\u00e7\u00e3o da qualidade da educa\u00e7\u00e3o, destacando o Enem e o Enade.<\/p>\n\n\n\n<p>O Enem come\u00e7a a ser aplicado neste domingo (21) para mais de 3 milh\u00f5es de estudantes em todo o pa\u00eds. O exame \u00e9 a principal forma de ingresso no ensino superior p\u00fablico, pelo Sistema de Sele\u00e7\u00e3o Unificada (Sisu), de obten\u00e7\u00e3o de bolsas por meio do Programa Universidade para Todos (ProUni) e de participa\u00e7\u00e3o no Fundo de Financiamento Estudantil (Fies).<\/p>\n","protected":false},"excerpt":{"rendered":"<p>O Tribunal de Contas da Uni\u00e3o (TCU) abriu um processo para analisar os relatos feitos<\/p>\n","protected":false},"author":2,"featured_media":24982,"comment_status":"open","ping_status":"open","sticky":false,"template":"","format":"standard","meta":{"footnotes":""},"categories":[19,17],"tags":[],"class_list":["post-24981","post","type-post","status-publish","format-standard","has-post-thumbnail","hentry","category-educacao","category-outras-noticias"],"_links":{"self":[{"href":"https:\/\/tvc16.com\/portal\/wp-json\/wp\/v2\/posts\/24981","targetHints":{"allow":["GET"]}}],"collection":[{"href":"https:\/\/tvc16.com\/portal\/wp-json\/wp\/v2\/posts"}],"about":[{"href":"https:\/\/tvc16.com\/portal\/wp-json\/wp\/v2\/types\/post"}],"author":[{"embeddable":true,"href":"https:\/\/tvc16.com\/portal\/wp-json\/wp\/v2\/users\/2"}],"replies":[{"embeddable":true,"href":"https:\/\/tvc16.com\/portal\/wp-json\/wp\/v2\/comments?post=24981"}],"version-history":[{"count":1,"href":"https:\/\/tvc16.com\/portal\/wp-json\/wp\/v2\/posts\/24981\/revisions"}],"predecessor-version":[{"id":24983,"href":"https:\/\/tvc16.com\/portal\/wp-json\/wp\/v2\/posts\/24981\/revisions\/24983"}],"wp:featuredmedia":[{"embeddable":true,"href":"https:\/\/tvc16.com\/portal\/wp-json\/wp\/v2\/media\/24982"}],"wp:attachment":[{"href":"https:\/\/tvc16.com\/portal\/wp-json\/wp\/v2\/media?parent=24981"}],"wp:term":[{"taxonomy":"category","embeddable":true,"href":"https:\/\/tvc16.com\/portal\/wp-json\/wp\/v2\/categories?post=24981"},{"taxonomy":"post_tag","embeddable":true,"href":"https:\/\/tvc16.com\/portal\/wp-json\/wp\/v2\/tags?post=24981"}],"curies":[{"name":"wp","href":"https:\/\/api.w.org\/{rel}","templated":true}]}}