{"id":25003,"date":"2021-11-19T17:36:12","date_gmt":"2021-11-19T20:36:12","guid":{"rendered":"https:\/\/tvc16.com\/portal\/?p=25003"},"modified":"2021-11-19T17:36:14","modified_gmt":"2021-11-19T20:36:14","slug":"dia-da-consciencia-negra-e-celebrado-neste-sabado-com-programacao-em-petropolis","status":"publish","type":"post","link":"https:\/\/tvc16.com\/portal\/2021\/11\/19\/dia-da-consciencia-negra-e-celebrado-neste-sabado-com-programacao-em-petropolis\/","title":{"rendered":"Dia da Consci\u00eancia Negra \u00e9 celebrado neste s\u00e1bado com programa\u00e7\u00e3o em Petr\u00f3polis"},"content":{"rendered":"\n<p>Petr\u00f3polis vai celebrar o dia da Consci\u00eancia Negra com uma vasta programa\u00e7\u00e3o cultural. As festividades que j\u00e1 come\u00e7aram na quarta-feira (17), encerram neste final de semana. A 9\u00aa edi\u00e7\u00e3o da Ubuntu \u2013 Festa Afro-Brasileira conta com atra\u00e7\u00f5es na Casa de Educa\u00e7\u00e3o e na Pra\u00e7a da Liberdade. O objetivo \u00e9 valorizar e preservar a mem\u00f3ria das tradi\u00e7\u00f5es africanas e afro-brasileira.<br>O evento que celebra Zumbi &#8211; l\u00edder do Quilombo dos Palmares acontece neste s\u00e1bado (20), data em que \u00e9 celebrado o Dia da Consci\u00eancia Negra. \u00c0s 9h acontece uma solenidade na Pra\u00e7a da Liberdade, seguida por uma roda de capoeira. A premia\u00e7\u00e3o dos concursos de poesia e de desenho, promovidas pelo IMC, ser\u00e1 \u00e0s 10h. O p\u00fablico conta tamb\u00e9m com oficina de dan\u00e7a, concurso de beleza e apresenta\u00e7\u00f5es locais. Com ampla programa\u00e7\u00e3o, a celebra\u00e7\u00e3o acontece durante todo o dia em outros locais da cidade, como Nogueira (no Centro Cultural) e na Posse (Pra\u00e7a CEU).<br>No domingo, \u00faltimo dia do evento, as atividades come\u00e7am \u00e0s 9h com oficinas de turbante, conta\u00e7\u00e3o de hist\u00f3ria, apresenta\u00e7\u00f5es locais e rodas de capoeira. O encerramento est\u00e1 previsto para \u00e0s 17h.<br>A iniciativa \u00e9 do Conselho Municipal de Promo\u00e7\u00e3o da Igualdade Racial (COMPIR) em parceria com a Coordenadoria da Promo\u00e7\u00e3o da Igualdade Racial (COPIR), Conselho Municipal de Cultura (CMC) &#8211; atrav\u00e9s do segmento de Culturas Afro-brasileiras, quilombolas e de matrizes africanas -, Movimento Negro Unificado, al\u00e9m do apoio do Instituto Municipal de Cultura (IMC) e da Turispetro.<\/p>\n\n\n\n<p><br><strong>Festival Gastron\u00f4mico<br><\/strong>Al\u00e9m disso, est\u00e1 acontecendo na cidade o Festival da Gastronomia Afro-Brasileira tamb\u00e9m at\u00e9 domingo. O festival est\u00e1 sendo realizado em tr\u00eas categorias: pratos t\u00edpicos, petiscos e somente delivery.<br>Se inscreveram para participar do evento 13 estabelecimentos, que v\u00e3o oferecer pratos diferenciados, sempre destacando a culin\u00e1ria afro-brasileira, uma das mais ricas e mais saborosas culin\u00e1rias do mundo. Todos assinaram um termo de responsabilidade onde se comprometem, entre outras, a cumprir as exig\u00eancias sanit\u00e1rias ainda em vigor no munic\u00edpio.<br>\u00c9 o quarto festival gastron\u00f4mico realizado este ano (os outros tr\u00eas foram os da Bauernfest, Bunka-Sai e Serra Serata), com o objetivo de fomentar a economia da cidade, em especial \u00e0 ligada ao segmento gastron\u00f4mico no per\u00edodo de retomada.<br>Os estabelecimentos participantes, assim como as informa\u00e7\u00f5es sobre pratos oferecidos no festival, valores e condi\u00e7\u00f5es especiais para moradores de Petr\u00f3polis, voc\u00ea encontra no site oficial do evento.<\/p>\n","protected":false},"excerpt":{"rendered":"<p>Petr\u00f3polis vai celebrar o dia da Consci\u00eancia Negra com uma vasta programa\u00e7\u00e3o cultural. As festividades<\/p>\n","protected":false},"author":2,"featured_media":25004,"comment_status":"open","ping_status":"open","sticky":false,"template":"","format":"standard","meta":{"footnotes":""},"categories":[12],"tags":[],"class_list":["post-25003","post","type-post","status-publish","format-standard","has-post-thumbnail","hentry","category-cidade"],"_links":{"self":[{"href":"https:\/\/tvc16.com\/portal\/wp-json\/wp\/v2\/posts\/25003","targetHints":{"allow":["GET"]}}],"collection":[{"href":"https:\/\/tvc16.com\/portal\/wp-json\/wp\/v2\/posts"}],"about":[{"href":"https:\/\/tvc16.com\/portal\/wp-json\/wp\/v2\/types\/post"}],"author":[{"embeddable":true,"href":"https:\/\/tvc16.com\/portal\/wp-json\/wp\/v2\/users\/2"}],"replies":[{"embeddable":true,"href":"https:\/\/tvc16.com\/portal\/wp-json\/wp\/v2\/comments?post=25003"}],"version-history":[{"count":1,"href":"https:\/\/tvc16.com\/portal\/wp-json\/wp\/v2\/posts\/25003\/revisions"}],"predecessor-version":[{"id":25005,"href":"https:\/\/tvc16.com\/portal\/wp-json\/wp\/v2\/posts\/25003\/revisions\/25005"}],"wp:featuredmedia":[{"embeddable":true,"href":"https:\/\/tvc16.com\/portal\/wp-json\/wp\/v2\/media\/25004"}],"wp:attachment":[{"href":"https:\/\/tvc16.com\/portal\/wp-json\/wp\/v2\/media?parent=25003"}],"wp:term":[{"taxonomy":"category","embeddable":true,"href":"https:\/\/tvc16.com\/portal\/wp-json\/wp\/v2\/categories?post=25003"},{"taxonomy":"post_tag","embeddable":true,"href":"https:\/\/tvc16.com\/portal\/wp-json\/wp\/v2\/tags?post=25003"}],"curies":[{"name":"wp","href":"https:\/\/api.w.org\/{rel}","templated":true}]}}