{"id":2520,"date":"2020-10-11T20:01:13","date_gmt":"2020-10-11T20:01:13","guid":{"rendered":"https:\/\/tvc16.com\/portal\/?p=2520"},"modified":"2020-10-11T20:01:13","modified_gmt":"2020-10-11T20:01:13","slug":"secretario-de-saude-do-rj-realiza-inspecao-tecnica-no-hospital-getulio-vargas","status":"publish","type":"post","link":"https:\/\/tvc16.com\/portal\/2020\/10\/11\/secretario-de-saude-do-rj-realiza-inspecao-tecnica-no-hospital-getulio-vargas\/","title":{"rendered":"Secret\u00e1rio de Sa\u00fade do RJ realiza inspe\u00e7\u00e3o t\u00e9cnica no Hospital Get\u00falio Vargas"},"content":{"rendered":"\n<p><br><em>Medidas urgentes ser\u00e3o tomadas para aprimorar atendimento no complexo que inclui a UPA Penha\u00a0<\/em><\/p>\n\n\n\n<p><br>O secret\u00e1rio de Estado de Sa\u00fade, Carlos Alberto Chaves, esteve na manh\u00e3 deste domingo (11\/10) no Complexo de Emerg\u00eancia da Penha com a equipe da Secretaria de Estado de Sa\u00fade (SES) para realizar uma inspe\u00e7\u00e3o t\u00e9cnica no Hospital Estadual Get\u00falio Vargas e na UPA Penha. V\u00e1rias medidas imediatas para melhorar as condi\u00e7\u00f5es de atendimento ao p\u00fablico ser\u00e3o tomadas pela Secretaria.<\/p>\n\n\n\n<p>O diretor do hospital, Paulo Ricardo Costa, acompanhou a visita e apontou os pontos mais fr\u00e1geis da unidade no momento. As solicita\u00e7\u00f5es da dire\u00e7\u00e3o foram elencadas. Apesar de o hospital estar em funcionamento, ser\u00e3o necess\u00e1rias diversas interven\u00e7\u00f5es.<\/p>\n\n\n\n<p>Na UPA, onde h\u00e1 v\u00e1rias inconformidades, ser\u00e3o tamb\u00e9m adotadas medidas atrav\u00e9s de resolu\u00e7\u00e3o em car\u00e1ter de emerg\u00eancia para melhorar inclusive o fluxo do servi\u00e7o prestado \u00e0 popula\u00e7\u00e3o. As condi\u00e7\u00f5es estruturais apresentadas pela dire\u00e7\u00e3o demandam reforma com urg\u00eancia. A visita teve a participa\u00e7\u00e3o do representante do conselho gestor local, Luiz Cl\u00e1udio, membro da associa\u00e7\u00e3o de moradores da Merindiba.<\/p>\n\n\n\n<p>Na pr\u00f3xima ter\u00e7a feira, 13\/10, acontecer\u00e1 uma reuni\u00e3o da Secretaria com a dire\u00e7\u00e3o da unidade e a organiza\u00e7\u00e3o social gestora, Instituto Solid\u00e1rio, para defini\u00e7\u00e3o das provid\u00eancias, que envolver\u00e3o esclarecimento das inconformidades, controle de recursos humanos, obras para manuten\u00e7\u00e3o e reformas na estrutura, incluindo os elevadores e climatiza\u00e7\u00e3o de enfermarias, forma de contrata\u00e7\u00e3o de m\u00e9dicos, acolhimento e humaniza\u00e7\u00e3o, al\u00e9m das condi\u00e7\u00f5es de risco nas duas unidades.<\/p>\n\n\n\n<p>O secret\u00e1rio destacou que o servi\u00e7o vem sendo prestado com qualidade, mas deve ser aprimorado:<br>&#8211; Encontramos inconformidades que ser\u00e3o corrigidas com urg\u00eancia, mas devemos reconhecer que o hospital tem muitas coisas boas, n\u00e3o estava lotado, n\u00e3o havia pacientes nos corredores, a unidade estava bem limpa. Os problemas estruturais ser\u00e3o resolvidos, inclusive na parte da administra\u00e7\u00e3o da OS &#8211; disse Carlos Alberto Chaves.&nbsp;<\/p>\n\n\n\n<p>Chaves afirma que o trabalho de reconhecimento dos problemas existentes nas unidades de sa\u00fade de urg\u00eancia e emerg\u00eancia continuar\u00e1:<br>&#8211; Assim como no Complexo da Penha, realizaremos inspe\u00e7\u00f5es em todas as unidades de sa\u00fade, sem aviso pr\u00e9vio e com a presen\u00e7a dos diretores. A meta principal n\u00e3o \u00e9 encontrar culpados, mas buscar solu\u00e7\u00f5es. As inconformidades ser\u00e3o corrigidas o mais r\u00e1pido poss\u00edvel. N\u00e3o d\u00e1 para esperar mais &#8211; afirmou o secret\u00e1rio.<\/p>\n\n\n\n<p><strong>Fotos:<\/strong>\u00a0Maur\u00edcio Baz\u00edlio<\/p>\n\n\n\n<figure class=\"wp-block-image size-large\"><img loading=\"lazy\" decoding=\"async\" width=\"1024\" height=\"683\" src=\"https:\/\/tvc16.com\/portal\/wp-content\/uploads\/2020\/10\/secretario-visita-hospital-getulio-vargas_mauricio-bazilio3-1024x683.jpg\" alt=\"\" class=\"wp-image-2524\" srcset=\"https:\/\/tvc16.com\/portal\/wp-content\/uploads\/2020\/10\/secretario-visita-hospital-getulio-vargas_mauricio-bazilio3-1024x683.jpg 1024w, https:\/\/tvc16.com\/portal\/wp-content\/uploads\/2020\/10\/secretario-visita-hospital-getulio-vargas_mauricio-bazilio3-300x200.jpg 300w, https:\/\/tvc16.com\/portal\/wp-content\/uploads\/2020\/10\/secretario-visita-hospital-getulio-vargas_mauricio-bazilio3-768x512.jpg 768w, https:\/\/tvc16.com\/portal\/wp-content\/uploads\/2020\/10\/secretario-visita-hospital-getulio-vargas_mauricio-bazilio3-1536x1024.jpg 1536w, https:\/\/tvc16.com\/portal\/wp-content\/uploads\/2020\/10\/secretario-visita-hospital-getulio-vargas_mauricio-bazilio3-2048x1365.jpg 2048w, https:\/\/tvc16.com\/portal\/wp-content\/uploads\/2020\/10\/secretario-visita-hospital-getulio-vargas_mauricio-bazilio3-900x600.jpg 900w\" sizes=\"auto, (max-width: 1024px) 100vw, 1024px\" \/><\/figure>\n","protected":false},"excerpt":{"rendered":"<p>Medidas urgentes ser\u00e3o tomadas para aprimorar atendimento no complexo que inclui a UPA Penha\u00a0 O<\/p>\n","protected":false},"author":2,"featured_media":2522,"comment_status":"open","ping_status":"open","sticky":false,"template":"","format":"standard","meta":{"footnotes":""},"categories":[13],"tags":[],"class_list":["post-2520","post","type-post","status-publish","format-standard","has-post-thumbnail","hentry","category-saude"],"_links":{"self":[{"href":"https:\/\/tvc16.com\/portal\/wp-json\/wp\/v2\/posts\/2520","targetHints":{"allow":["GET"]}}],"collection":[{"href":"https:\/\/tvc16.com\/portal\/wp-json\/wp\/v2\/posts"}],"about":[{"href":"https:\/\/tvc16.com\/portal\/wp-json\/wp\/v2\/types\/post"}],"author":[{"embeddable":true,"href":"https:\/\/tvc16.com\/portal\/wp-json\/wp\/v2\/users\/2"}],"replies":[{"embeddable":true,"href":"https:\/\/tvc16.com\/portal\/wp-json\/wp\/v2\/comments?post=2520"}],"version-history":[{"count":1,"href":"https:\/\/tvc16.com\/portal\/wp-json\/wp\/v2\/posts\/2520\/revisions"}],"predecessor-version":[{"id":2525,"href":"https:\/\/tvc16.com\/portal\/wp-json\/wp\/v2\/posts\/2520\/revisions\/2525"}],"wp:featuredmedia":[{"embeddable":true,"href":"https:\/\/tvc16.com\/portal\/wp-json\/wp\/v2\/media\/2522"}],"wp:attachment":[{"href":"https:\/\/tvc16.com\/portal\/wp-json\/wp\/v2\/media?parent=2520"}],"wp:term":[{"taxonomy":"category","embeddable":true,"href":"https:\/\/tvc16.com\/portal\/wp-json\/wp\/v2\/categories?post=2520"},{"taxonomy":"post_tag","embeddable":true,"href":"https:\/\/tvc16.com\/portal\/wp-json\/wp\/v2\/tags?post=2520"}],"curies":[{"name":"wp","href":"https:\/\/api.w.org\/{rel}","templated":true}]}}