{"id":2526,"date":"2020-10-11T20:10:14","date_gmt":"2020-10-11T20:10:14","guid":{"rendered":"https:\/\/tvc16.com\/portal\/?p=2526"},"modified":"2020-10-11T20:10:14","modified_gmt":"2020-10-11T20:10:14","slug":"feriado-desta-segunda-feira-12-e-em-homenagem-a-padroeira-do-brasil","status":"publish","type":"post","link":"https:\/\/tvc16.com\/portal\/2020\/10\/11\/feriado-desta-segunda-feira-12-e-em-homenagem-a-padroeira-do-brasil\/","title":{"rendered":"Feriado desta segunda-feira, 12, \u00e9 em homenagem a padroeira do Brasil"},"content":{"rendered":"\n<h2 class=\"wp-block-heading\">Nossa Senhora Aparecida<\/h2>\n\n\n\n<p>A&nbsp;<strong>virgem Santa<\/strong>, m\u00e3e de Jesus Cristo, apareceu em diversas localidades ao redor do mundo em momentos importantes da hist\u00f3ria. Gra\u00e7as \u00e0 miseric\u00f3rdia de Deus, Maria apareceu no Brasil na forma de uma imagem negra, na \u00e9poca em que a escravid\u00e3o no pa\u00eds estava em alta.<\/p>\n\n\n\n<p>Maria foi proclamada&nbsp;<strong>Nossa Senhora da Concei\u00e7\u00e3o Aparecida<\/strong>,&nbsp;<strong>Rainha do Brasil<\/strong>, em 16 de julho de 1930 pelo papa Pio XI. O Brasil rende-se ao amor incondicional da \u201cM\u00e3e negra\u201d no dia 12 de outubro, data que marcou, em 1980, a proclama\u00e7\u00e3o de feriado e consagra\u00e7\u00e3o do Santu\u00e1rio Nacional de Aparecida pelo Papa Jo\u00e3o Paulo II.<\/p>\n\n\n\n<h2 class=\"wp-block-heading\">Hist\u00f3ria da Padroeira do Brasil<\/h2>\n\n\n\n<p>A apari\u00e7\u00e3o da imagem de Nossa Senhora de Aparecida ocorreu em 1717, \u00e9poca das Capitanias Heredit\u00e1rias. O governante das capitanias de S\u00e3o Paulo e Minas de Ouro estava de passagem pelo Vale do Para\u00edba, mais precisamente por Guaratinguet\u00e1. Animados com a visita, o povo daquela localidade resolveu fazer uma festa de boas-vindas e para isso chamaram tr\u00eas pescadores, Domingos Garcia, Jo\u00e3o Alves e Filipe Pedroso para lan\u00e7ar as redes no rio e pescar bons peixes.<\/p>\n\n\n\n<p><a href=\"https:\/\/www.nossasagradafamilia.com.br\/produtos\/produtos-por-santos\/nossa-senhora\/nossa-senhora-aparecida\/\" target=\"_blank\" rel=\"noreferrer noopener\"><\/a>O fato era que, naquela \u00e9poca, meados de Outubro, n\u00e3o era tempo de peixes. Por\u00e9m, como n\u00e3o podiam contradizer o pedido, rezaram pela prote\u00e7\u00e3o e ben\u00e7\u00e3o da Virgem Maria e de Deus para que pudessem voltar \u00e0 terra firme com fartura. Depois de in\u00fameras tentativas sem sucesso, eis que surpreendentemente eles pescaram o corpo de uma imagem. Curiosos, lan\u00e7aram novamente as redes e \u201cpescaram\u201d uma cabe\u00e7a que se encaixou perfeitamente ao corpo. Depois deste encontro, que nos dias de hoje \u00e9 representado em todo o Brasil no dia 12 de outubro emocionando os fieis, o barco se encheu tanto de peixes que ele quase virou!<\/p>\n\n\n\n<p>A partir da\u00ed, a devo\u00e7\u00e3o da Santa foi se espalhando. Primeiro nas casas, depois se construiu uma capela, depois uma bas\u00edlica, at\u00e9 chegar ao quarto maior santu\u00e1rio do mundo, o Santu\u00e1rio Nacional de Aparecida localizado na cidade de Aparecida, interior do Estado de S\u00e3o Paulo.<\/p>\n\n\n\n<figure class=\"wp-block-image size-large\"><img loading=\"lazy\" decoding=\"async\" width=\"351\" height=\"165\" src=\"https:\/\/tvc16.com\/portal\/wp-content\/uploads\/2020\/10\/nossa-senhora-2.jpg\" alt=\"\" class=\"wp-image-2527\" srcset=\"https:\/\/tvc16.com\/portal\/wp-content\/uploads\/2020\/10\/nossa-senhora-2.jpg 351w, https:\/\/tvc16.com\/portal\/wp-content\/uploads\/2020\/10\/nossa-senhora-2-300x141.jpg 300w\" sizes=\"auto, (max-width: 351px) 100vw, 351px\" \/><\/figure>\n","protected":false},"excerpt":{"rendered":"<p>Nossa Senhora Aparecida A&nbsp;virgem Santa, m\u00e3e de Jesus Cristo, apareceu em diversas localidades ao redor<\/p>\n","protected":false},"author":2,"featured_media":2528,"comment_status":"open","ping_status":"open","sticky":false,"template":"","format":"standard","meta":{"footnotes":""},"categories":[14],"tags":[],"class_list":["post-2526","post","type-post","status-publish","format-standard","has-post-thumbnail","hentry","category-pais"],"_links":{"self":[{"href":"https:\/\/tvc16.com\/portal\/wp-json\/wp\/v2\/posts\/2526","targetHints":{"allow":["GET"]}}],"collection":[{"href":"https:\/\/tvc16.com\/portal\/wp-json\/wp\/v2\/posts"}],"about":[{"href":"https:\/\/tvc16.com\/portal\/wp-json\/wp\/v2\/types\/post"}],"author":[{"embeddable":true,"href":"https:\/\/tvc16.com\/portal\/wp-json\/wp\/v2\/users\/2"}],"replies":[{"embeddable":true,"href":"https:\/\/tvc16.com\/portal\/wp-json\/wp\/v2\/comments?post=2526"}],"version-history":[{"count":1,"href":"https:\/\/tvc16.com\/portal\/wp-json\/wp\/v2\/posts\/2526\/revisions"}],"predecessor-version":[{"id":2529,"href":"https:\/\/tvc16.com\/portal\/wp-json\/wp\/v2\/posts\/2526\/revisions\/2529"}],"wp:featuredmedia":[{"embeddable":true,"href":"https:\/\/tvc16.com\/portal\/wp-json\/wp\/v2\/media\/2528"}],"wp:attachment":[{"href":"https:\/\/tvc16.com\/portal\/wp-json\/wp\/v2\/media?parent=2526"}],"wp:term":[{"taxonomy":"category","embeddable":true,"href":"https:\/\/tvc16.com\/portal\/wp-json\/wp\/v2\/categories?post=2526"},{"taxonomy":"post_tag","embeddable":true,"href":"https:\/\/tvc16.com\/portal\/wp-json\/wp\/v2\/tags?post=2526"}],"curies":[{"name":"wp","href":"https:\/\/api.w.org\/{rel}","templated":true}]}}