{"id":2533,"date":"2020-10-11T20:19:19","date_gmt":"2020-10-11T20:19:19","guid":{"rendered":"https:\/\/tvc16.com\/portal\/?p=2533"},"modified":"2020-10-11T20:19:19","modified_gmt":"2020-10-11T20:19:19","slug":"ministro-luiz-eduardo-ramos-testa-positivo-para-covid-19","status":"publish","type":"post","link":"https:\/\/tvc16.com\/portal\/2020\/10\/11\/ministro-luiz-eduardo-ramos-testa-positivo-para-covid-19\/","title":{"rendered":"Ministro Luiz Eduardo Ramos testa positivo para covid-19"},"content":{"rendered":"\n<h3 class=\"wp-block-heading\">Segundo secretaria, Ramos est\u00e1 com sintomas gripais leves<\/h3>\n\n\n\n<h4 class=\"wp-block-heading\">Por Luciano Nascimento &#8211; Rep\u00f3rter da Ag\u00eancia Brasil &#8211; Bras\u00edlia<\/h4>\n\n\n\n<p>O ministro-chefe da Secretaria de Governo da Presid\u00eancia da Rep\u00fablica, Luiz Eduardo Ramos, testou positivo para covid-19 hoje (10), informou a assessoria da secretaria. Segundo nota da secretaria, o ministro est\u00e1 apenas com sintomas gripais leves e ficar\u00e1 em isolamento trabalhando de forma remota.<img decoding=\"async\" src=\"https:\/\/agenciabrasil.ebc.com.br\/ebc.png?id=1390327&amp;o=node\"><img decoding=\"async\" src=\"https:\/\/agenciabrasil.ebc.com.br\/ebc.gif?id=1390327&amp;o=node\"><\/p>\n\n\n\n<p>Ramos \u00e9 o d\u00e9cimo ministro do governo a contrair a doen\u00e7a. Na equipe ministerial, tiveram covid-19 Augusto Heleno (Gabinete de Seguran\u00e7a Institucional), Bento Albuquerque (Minas e Energia), Milton Ribeiro (Educa\u00e7\u00e3o), Onyx Lorenzoni (Cidadania), Marcos Pontes (Ci\u00eancia, Tecnologia e Inova\u00e7\u00f5es), Wagner Ros\u00e1rio (Controladoria-Geral da Uni\u00e3o), Braga Netto (Casa Civil), Jorge Oliveira (Secretaria-Geral) e Marcelo \u00c1lvaro Ant\u00f4nio (Turismo). O presidente da Rep\u00fablica, Jair Bolsonaro, tamb\u00e9m teve a doen\u00e7a.<\/p>\n\n\n\n<p>Al\u00e9m dos ministros e do presidente, outras autoridades tamb\u00e9m j\u00e1 contra\u00edram a covid-19. Entre elas, o presidente do Supremo Tribunal Federal (STF), ministro Luiz Fux, o presidente da C\u00e2mara dos Deputados, Rodrigo Maia (DEM-RJ), o presidente do Senado, Davi Alcolumbre (DEM-AP), o procurador-geral da Rep\u00fablica, Augusto Aras, e a presidente do Tribunal Superior do Trabalho (TST), ministra Maria Cristina Peduzzi.<\/p>\n\n\n\n<p>Edi\u00e7\u00e3o: F\u00e1bio Massalli<\/p>\n","protected":false},"excerpt":{"rendered":"<p>Segundo secretaria, Ramos est\u00e1 com sintomas gripais leves Por Luciano Nascimento &#8211; Rep\u00f3rter da Ag\u00eancia<\/p>\n","protected":false},"author":2,"featured_media":2534,"comment_status":"open","ping_status":"open","sticky":false,"template":"","format":"standard","meta":{"footnotes":""},"categories":[15],"tags":[],"class_list":["post-2533","post","type-post","status-publish","format-standard","has-post-thumbnail","hentry","category-politica"],"_links":{"self":[{"href":"https:\/\/tvc16.com\/portal\/wp-json\/wp\/v2\/posts\/2533","targetHints":{"allow":["GET"]}}],"collection":[{"href":"https:\/\/tvc16.com\/portal\/wp-json\/wp\/v2\/posts"}],"about":[{"href":"https:\/\/tvc16.com\/portal\/wp-json\/wp\/v2\/types\/post"}],"author":[{"embeddable":true,"href":"https:\/\/tvc16.com\/portal\/wp-json\/wp\/v2\/users\/2"}],"replies":[{"embeddable":true,"href":"https:\/\/tvc16.com\/portal\/wp-json\/wp\/v2\/comments?post=2533"}],"version-history":[{"count":1,"href":"https:\/\/tvc16.com\/portal\/wp-json\/wp\/v2\/posts\/2533\/revisions"}],"predecessor-version":[{"id":2535,"href":"https:\/\/tvc16.com\/portal\/wp-json\/wp\/v2\/posts\/2533\/revisions\/2535"}],"wp:featuredmedia":[{"embeddable":true,"href":"https:\/\/tvc16.com\/portal\/wp-json\/wp\/v2\/media\/2534"}],"wp:attachment":[{"href":"https:\/\/tvc16.com\/portal\/wp-json\/wp\/v2\/media?parent=2533"}],"wp:term":[{"taxonomy":"category","embeddable":true,"href":"https:\/\/tvc16.com\/portal\/wp-json\/wp\/v2\/categories?post=2533"},{"taxonomy":"post_tag","embeddable":true,"href":"https:\/\/tvc16.com\/portal\/wp-json\/wp\/v2\/tags?post=2533"}],"curies":[{"name":"wp","href":"https:\/\/api.w.org\/{rel}","templated":true}]}}