{"id":25344,"date":"2021-11-25T17:44:10","date_gmt":"2021-11-25T20:44:10","guid":{"rendered":"https:\/\/tvc16.com\/portal\/?p=25344"},"modified":"2021-11-25T17:44:12","modified_gmt":"2021-11-25T20:44:12","slug":"prefeitura-anuncia-novo-horario-de-funcionamento-dos-centros-de-educacao-infantil","status":"publish","type":"post","link":"https:\/\/tvc16.com\/portal\/2021\/11\/25\/prefeitura-anuncia-novo-horario-de-funcionamento-dos-centros-de-educacao-infantil\/","title":{"rendered":"Prefeitura anuncia novo hor\u00e1rio de funcionamento dos centros de Educa\u00e7\u00e3o Infantil"},"content":{"rendered":"\n<p>A partir de segunda-feira (29) os centros de Educa\u00e7\u00e3o Infantil da rede municipal de ensino poder\u00e3o funcionar em novo hor\u00e1rio \u2013 de 7h ao meio-dia. A mudan\u00e7a vale para as unidades com alunos de zero a tr\u00eas anos.<br>\u201cO CEI \u00e9 um ambiente seguro para as crian\u00e7as, que proporciona est\u00edmulos importantes e necess\u00e1rios ao desenvolvimento. O hor\u00e1rio ampliado \u00e9 mais f\u00e1cil e funcional para as fam\u00edlias\u201d, disse o prefeito interino Hingo Hammes.<br>Com o novo hor\u00e1rio de funcionamento, as unidades v\u00e3o oferecer \u00e0s crian\u00e7as o desjejum, a cola\u00e7\u00e3o e o almo\u00e7o. \u201cNas visitas que fa\u00e7o toda semana nas escolas temos recebido esse pedido das professoras e diretoras. Aumentando o per\u00edodo das crian\u00e7as dentro das salas de aula vamos facilitar o dia o dia dos pais e respons\u00e1veis que precisam trabalhar e tamb\u00e9m garantir aos alunos o direito \u00e0 participa\u00e7\u00e3o nas atividades educacionais\u201d, completou o secret\u00e1rio de Educa\u00e7\u00e3o, Jos\u00e9 Luiz de Souza Lima.<br>Respeitando os protocolos sanit\u00e1rios neste momento de pandemia da covid-19, a entrada e sa\u00edda dos centros de Educa\u00e7\u00e3o Infantil continuam de forma escalonada, assim como a circula\u00e7\u00e3o dos alunos e funcion\u00e1rios dentro das unidades. Todas as outras normas de seguran\u00e7a, como o uso de \u00e1lcool 70%, de m\u00e1scaras e o distanciamento social continuam em vigor.<\/p>\n","protected":false},"excerpt":{"rendered":"<p>A partir de segunda-feira (29) os centros de Educa\u00e7\u00e3o Infantil da rede municipal de ensino<\/p>\n","protected":false},"author":2,"featured_media":25345,"comment_status":"open","ping_status":"open","sticky":false,"template":"","format":"standard","meta":{"footnotes":""},"categories":[12,19],"tags":[],"class_list":["post-25344","post","type-post","status-publish","format-standard","has-post-thumbnail","hentry","category-cidade","category-educacao"],"_links":{"self":[{"href":"https:\/\/tvc16.com\/portal\/wp-json\/wp\/v2\/posts\/25344","targetHints":{"allow":["GET"]}}],"collection":[{"href":"https:\/\/tvc16.com\/portal\/wp-json\/wp\/v2\/posts"}],"about":[{"href":"https:\/\/tvc16.com\/portal\/wp-json\/wp\/v2\/types\/post"}],"author":[{"embeddable":true,"href":"https:\/\/tvc16.com\/portal\/wp-json\/wp\/v2\/users\/2"}],"replies":[{"embeddable":true,"href":"https:\/\/tvc16.com\/portal\/wp-json\/wp\/v2\/comments?post=25344"}],"version-history":[{"count":1,"href":"https:\/\/tvc16.com\/portal\/wp-json\/wp\/v2\/posts\/25344\/revisions"}],"predecessor-version":[{"id":25346,"href":"https:\/\/tvc16.com\/portal\/wp-json\/wp\/v2\/posts\/25344\/revisions\/25346"}],"wp:featuredmedia":[{"embeddable":true,"href":"https:\/\/tvc16.com\/portal\/wp-json\/wp\/v2\/media\/25345"}],"wp:attachment":[{"href":"https:\/\/tvc16.com\/portal\/wp-json\/wp\/v2\/media?parent=25344"}],"wp:term":[{"taxonomy":"category","embeddable":true,"href":"https:\/\/tvc16.com\/portal\/wp-json\/wp\/v2\/categories?post=25344"},{"taxonomy":"post_tag","embeddable":true,"href":"https:\/\/tvc16.com\/portal\/wp-json\/wp\/v2\/tags?post=25344"}],"curies":[{"name":"wp","href":"https:\/\/api.w.org\/{rel}","templated":true}]}}