{"id":2537,"date":"2020-10-12T12:00:36","date_gmt":"2020-10-12T12:00:36","guid":{"rendered":"https:\/\/tvc16.com\/portal\/?p=2537"},"modified":"2020-10-12T13:40:11","modified_gmt":"2020-10-12T13:40:11","slug":"dia-de-nossa-senhora-comeca-com-comemoracoes","status":"publish","type":"post","link":"https:\/\/tvc16.com\/portal\/2020\/10\/12\/dia-de-nossa-senhora-comeca-com-comemoracoes\/","title":{"rendered":"Dia de Nossa Senhora come\u00e7a com comemora\u00e7\u00f5es"},"content":{"rendered":"\n<p>Hoje (12) a Par\u00f3quia Nossa Senhora Aparecida, no Quitandinha, realizar\u00e1 uma programa\u00e7\u00e3o especial em comemora\u00e7\u00e3o ao dia dedicado \u00e0 Santa. Com os cuidados necess\u00e1rios devido a pandemia provocada pela covid-19, a data contar\u00e1 com missas, Moto Romaria e carreata pelas ruas do bairro. A par\u00f3quia dedicada a Padroeira do Brasil \u00e9 coordenada pelos Frades Capuchinhos.<\/p>\n\n\n\n<p>\u00c0s 8h houve a primeira missa com transmiss\u00e3o online e a pr\u00f3xima ser\u00e1 realizada \u00e0s 12h. A Moto Romaria est\u00e1 marcada com sa\u00edda \u00e0s 10h da Igreja do Sagrado Cora\u00e7\u00e3o de Jesus e previs\u00e3o de chegada \u00e0s 11h na par\u00f3quia. J\u00e1 \u00e0s 15h ser\u00e1 feita uma carreata pelas ruas do Quitandinha.<\/p>\n\n\n\n<p>Ainda de acordo com a Diocese, a imagem da Padroeira ficar\u00e1 no p\u00e1tio da Par\u00f3quia de Nossa Senhora Aparecida para venera\u00e7\u00e3o dos fi\u00e9is. A entrada ser\u00e1 controlada, com aferi\u00e7\u00e3o de temperatura, exig\u00eancia do uso de \u00e1lcool em gel e m\u00e1scara. Em outras igrejas, haver\u00e1 apenas missas em celebra\u00e7\u00e3o a data.<\/p>\n","protected":false},"excerpt":{"rendered":"<p>Hoje (12) a Par\u00f3quia Nossa Senhora Aparecida, no Quitandinha, realizar\u00e1 uma programa\u00e7\u00e3o especial em comemora\u00e7\u00e3o<\/p>\n","protected":false},"author":2,"featured_media":2538,"comment_status":"open","ping_status":"open","sticky":false,"template":"","format":"standard","meta":{"footnotes":""},"categories":[12],"tags":[],"class_list":["post-2537","post","type-post","status-publish","format-standard","has-post-thumbnail","hentry","category-cidade"],"_links":{"self":[{"href":"https:\/\/tvc16.com\/portal\/wp-json\/wp\/v2\/posts\/2537","targetHints":{"allow":["GET"]}}],"collection":[{"href":"https:\/\/tvc16.com\/portal\/wp-json\/wp\/v2\/posts"}],"about":[{"href":"https:\/\/tvc16.com\/portal\/wp-json\/wp\/v2\/types\/post"}],"author":[{"embeddable":true,"href":"https:\/\/tvc16.com\/portal\/wp-json\/wp\/v2\/users\/2"}],"replies":[{"embeddable":true,"href":"https:\/\/tvc16.com\/portal\/wp-json\/wp\/v2\/comments?post=2537"}],"version-history":[{"count":2,"href":"https:\/\/tvc16.com\/portal\/wp-json\/wp\/v2\/posts\/2537\/revisions"}],"predecessor-version":[{"id":2552,"href":"https:\/\/tvc16.com\/portal\/wp-json\/wp\/v2\/posts\/2537\/revisions\/2552"}],"wp:featuredmedia":[{"embeddable":true,"href":"https:\/\/tvc16.com\/portal\/wp-json\/wp\/v2\/media\/2538"}],"wp:attachment":[{"href":"https:\/\/tvc16.com\/portal\/wp-json\/wp\/v2\/media?parent=2537"}],"wp:term":[{"taxonomy":"category","embeddable":true,"href":"https:\/\/tvc16.com\/portal\/wp-json\/wp\/v2\/categories?post=2537"},{"taxonomy":"post_tag","embeddable":true,"href":"https:\/\/tvc16.com\/portal\/wp-json\/wp\/v2\/tags?post=2537"}],"curies":[{"name":"wp","href":"https:\/\/api.w.org\/{rel}","templated":true}]}}