{"id":25377,"date":"2021-11-26T07:00:00","date_gmt":"2021-11-26T10:00:00","guid":{"rendered":"https:\/\/tvc16.com\/portal\/?p=25377"},"modified":"2021-11-25T19:06:56","modified_gmt":"2021-11-25T22:06:56","slug":"camara-aprova-mp-que-autoriza-postos-a-comprar-etanol-de-produtores","status":"publish","type":"post","link":"https:\/\/tvc16.com\/portal\/2021\/11\/26\/camara-aprova-mp-que-autoriza-postos-a-comprar-etanol-de-produtores\/","title":{"rendered":"C\u00e2mara aprova MP que autoriza postos a comprar etanol de produtores"},"content":{"rendered":"\n<p>A C\u00e2mara dos Deputados aprovou, nesta quinta-feira (25), a Medida Provis\u00f3ria (MP) 1063\/21, que autoriza os postos de combust\u00edveis a comprarem \u00e1lcool combust\u00edvel (etanol hidratado) diretamente de produtores e importadores. O texto segue apara an\u00e1lise do Senado.<img decoding=\"async\" src=\"https:\/\/agenciabrasil.ebc.com.br\/ebc.png?id=1429051&amp;o=node\"><img decoding=\"async\" src=\"https:\/\/agenciabrasil.ebc.com.br\/ebc.gif?id=1429051&amp;o=node\"><\/p>\n\n\n\n<p>Segundo o governo, a MP tem a inten\u00e7\u00e3o do governo de aumentar a competi\u00e7\u00e3o no setor de combust\u00edveis ao eliminar a obrigatoriedade dos postos de comprar o etanol apenas dos distribuidores. Estes poder\u00e3o continuar atuando, mas os postos ter\u00e3o a op\u00e7\u00e3o de comprar o etanol diretamente de produtores nacionais, que s\u00e3o os maiores fornecedores do produto, ou do importador.<\/p>\n\n\n\n<p>O texto do relator, deputado Augusto Coutinho (Solidariedade-PE), incorpora ao texto trechos da MP 1069\/21, que permite a venda direta aos postos tamb\u00e9m para as cooperativas de produ\u00e7\u00e3o ou comercializa\u00e7\u00e3o de etanol e as empresas comercializadoras desse combust\u00edvel.<\/p>\n\n\n\n<p>Durante a vota\u00e7\u00e3o dos destaques, os deputados aprovaram um destaque apresentado pelo PT que retirou a permiss\u00e3o para a venda de combust\u00edveis de outros fornecedores diferentes do vinculado \u00e0 bandeira do posto.<\/p>\n","protected":false},"excerpt":{"rendered":"<p>A C\u00e2mara dos Deputados aprovou, nesta quinta-feira (25), a Medida Provis\u00f3ria (MP) 1063\/21, que autoriza<\/p>\n","protected":false},"author":2,"featured_media":25379,"comment_status":"open","ping_status":"open","sticky":false,"template":"","format":"standard","meta":{"footnotes":""},"categories":[17],"tags":[],"class_list":["post-25377","post","type-post","status-publish","format-standard","has-post-thumbnail","hentry","category-outras-noticias"],"_links":{"self":[{"href":"https:\/\/tvc16.com\/portal\/wp-json\/wp\/v2\/posts\/25377","targetHints":{"allow":["GET"]}}],"collection":[{"href":"https:\/\/tvc16.com\/portal\/wp-json\/wp\/v2\/posts"}],"about":[{"href":"https:\/\/tvc16.com\/portal\/wp-json\/wp\/v2\/types\/post"}],"author":[{"embeddable":true,"href":"https:\/\/tvc16.com\/portal\/wp-json\/wp\/v2\/users\/2"}],"replies":[{"embeddable":true,"href":"https:\/\/tvc16.com\/portal\/wp-json\/wp\/v2\/comments?post=25377"}],"version-history":[{"count":1,"href":"https:\/\/tvc16.com\/portal\/wp-json\/wp\/v2\/posts\/25377\/revisions"}],"predecessor-version":[{"id":25380,"href":"https:\/\/tvc16.com\/portal\/wp-json\/wp\/v2\/posts\/25377\/revisions\/25380"}],"wp:featuredmedia":[{"embeddable":true,"href":"https:\/\/tvc16.com\/portal\/wp-json\/wp\/v2\/media\/25379"}],"wp:attachment":[{"href":"https:\/\/tvc16.com\/portal\/wp-json\/wp\/v2\/media?parent=25377"}],"wp:term":[{"taxonomy":"category","embeddable":true,"href":"https:\/\/tvc16.com\/portal\/wp-json\/wp\/v2\/categories?post=25377"},{"taxonomy":"post_tag","embeddable":true,"href":"https:\/\/tvc16.com\/portal\/wp-json\/wp\/v2\/tags?post=25377"}],"curies":[{"name":"wp","href":"https:\/\/api.w.org\/{rel}","templated":true}]}}