{"id":25381,"date":"2021-11-26T07:00:00","date_gmt":"2021-11-26T10:00:00","guid":{"rendered":"https:\/\/tvc16.com\/portal\/?p=25381"},"modified":"2021-11-25T19:39:50","modified_gmt":"2021-11-25T22:39:50","slug":"inscricao-para-a-vii-conferencia-municipal-de-educacao-comeca-nesta-sexta-feira","status":"publish","type":"post","link":"https:\/\/tvc16.com\/portal\/2021\/11\/26\/inscricao-para-a-vii-conferencia-municipal-de-educacao-comeca-nesta-sexta-feira\/","title":{"rendered":"Inscri\u00e7\u00e3o para a VII Confer\u00eancia Municipal de Educa\u00e7\u00e3o come\u00e7a nesta sexta-feira"},"content":{"rendered":"\n<p>As inscri\u00e7\u00f5es para a VII Confer\u00eancia Municipal de Educa\u00e7\u00e3o 2021 come\u00e7am nesta sexta-feira (26). O evento ser\u00e1 totalmente online e acontece no dia 18 de dezembro, das 8h \u00e0s 17h. O cadastramento para a pr\u00e9-confer\u00eancia tamb\u00e9m est\u00e1 aberto. O evento tamb\u00e9m \u00e9 online e acontece nos dias 7, 8 e 9 de dezembro, de 13h as 17h. As inscri\u00e7\u00f5es tanto para a pr\u00e9-confer\u00eancia quanto para a confer\u00eancia podem ser feitas no <a href=\"http:\/\/www.petropolis.rj.gov.br\">site da Prefeitura de Petr\u00f3polis<\/a>.<br>A VII Confer\u00eancia \u00e9 realizada pelo Conselho Municipal de Educa\u00e7\u00e3o (Comed) e pela Prefeitura de Petr\u00f3polis, por meio da Secretaria de Educa\u00e7\u00e3o. O evento \u00e9 aberto ao p\u00fablico e tem como objetivo o monitoramento e avalia\u00e7\u00e3o das estrat\u00e9gias para o alcance das metas municipais propostas para o dec\u00eanio 2015\u20132025 e acompanhar o processo de avalia\u00e7\u00e3o do Plano Municipal de Educa\u00e7\u00e3o.<br>A programa\u00e7\u00e3o da VII Confer\u00eancia Municipal de Educa\u00e7\u00e3o 2021 tem in\u00edcio \u00e0s 8h e contar\u00e1 com a presen\u00e7a do prefeito interino Hingo Hammes, do secret\u00e1rio de Educa\u00e7\u00e3o Jos\u00e9 Luiz Lima, do presidente do Comed, Jelcy Corr\u00eaa, e do presidente da Comiss\u00e3o da Educa\u00e7\u00e3o da C\u00e2mara Municipal, vereador Yuri Moura. Em seguida haver\u00e1 a aprova\u00e7\u00e3o do Regimento Interno da Confer\u00eancia e a apresenta\u00e7\u00e3o das Notas T\u00e9cnicas. O encerramento acontece \u00e0s 17h.<\/p>\n","protected":false},"excerpt":{"rendered":"<p>As inscri\u00e7\u00f5es para a VII Confer\u00eancia Municipal de Educa\u00e7\u00e3o 2021 come\u00e7am nesta sexta-feira (26). O<\/p>\n","protected":false},"author":2,"featured_media":25382,"comment_status":"open","ping_status":"open","sticky":false,"template":"","format":"standard","meta":{"footnotes":""},"categories":[12,19],"tags":[],"class_list":["post-25381","post","type-post","status-publish","format-standard","has-post-thumbnail","hentry","category-cidade","category-educacao"],"_links":{"self":[{"href":"https:\/\/tvc16.com\/portal\/wp-json\/wp\/v2\/posts\/25381","targetHints":{"allow":["GET"]}}],"collection":[{"href":"https:\/\/tvc16.com\/portal\/wp-json\/wp\/v2\/posts"}],"about":[{"href":"https:\/\/tvc16.com\/portal\/wp-json\/wp\/v2\/types\/post"}],"author":[{"embeddable":true,"href":"https:\/\/tvc16.com\/portal\/wp-json\/wp\/v2\/users\/2"}],"replies":[{"embeddable":true,"href":"https:\/\/tvc16.com\/portal\/wp-json\/wp\/v2\/comments?post=25381"}],"version-history":[{"count":1,"href":"https:\/\/tvc16.com\/portal\/wp-json\/wp\/v2\/posts\/25381\/revisions"}],"predecessor-version":[{"id":25383,"href":"https:\/\/tvc16.com\/portal\/wp-json\/wp\/v2\/posts\/25381\/revisions\/25383"}],"wp:featuredmedia":[{"embeddable":true,"href":"https:\/\/tvc16.com\/portal\/wp-json\/wp\/v2\/media\/25382"}],"wp:attachment":[{"href":"https:\/\/tvc16.com\/portal\/wp-json\/wp\/v2\/media?parent=25381"}],"wp:term":[{"taxonomy":"category","embeddable":true,"href":"https:\/\/tvc16.com\/portal\/wp-json\/wp\/v2\/categories?post=25381"},{"taxonomy":"post_tag","embeddable":true,"href":"https:\/\/tvc16.com\/portal\/wp-json\/wp\/v2\/tags?post=25381"}],"curies":[{"name":"wp","href":"https:\/\/api.w.org\/{rel}","templated":true}]}}