{"id":25387,"date":"2021-11-26T07:00:00","date_gmt":"2021-11-26T10:00:00","guid":{"rendered":"https:\/\/tvc16.com\/portal\/?p=25387"},"modified":"2021-11-25T19:26:59","modified_gmt":"2021-11-25T22:26:59","slug":"vacina-contra-influenza-ainda-esta-disponivel-em-15-unidades-de-saude-de-petropolis","status":"publish","type":"post","link":"https:\/\/tvc16.com\/portal\/2021\/11\/26\/vacina-contra-influenza-ainda-esta-disponivel-em-15-unidades-de-saude-de-petropolis\/","title":{"rendered":"Vacina contra influenza ainda est\u00e1 dispon\u00edvel em 15 unidades de Sa\u00fade de Petr\u00f3polis"},"content":{"rendered":"\n<p>Com 120.480 moradores que receberam a vacina contra o v\u00edrus influenza, Petr\u00f3polis tem 68,9% de cobertura total. O imunizante continua dispon\u00edvel em 15 salas de vacina distribu\u00eddas em pontos dos cinco distritos. Ao todo foram vacinadas at\u00e9 o momento 84.357 pessoas que fazem parte do p\u00fablico alvo da campanha e outras 36.123 pessoas que procuraram as unidades de sa\u00fade desde o in\u00edcio de julho, quando a vacina\u00e7\u00e3o foi aberta a toda popula\u00e7\u00e3o. Foram imunizados na cidade 50.703 idosos e 14.766 crian\u00e7as, o que corresponde a 85,9% e 72,48% de cobertura, respectivamente, para estes grupos.<br>\u201cA Vigil\u00e2ncia Epidemiol\u00f3gica da Secretaria de Sa\u00fade n\u00e3o teve este ano registro de casos confirmados de infec\u00e7\u00e3o pelo v\u00edrus influenza &#8211; situa\u00e7\u00e3o diferente do que ocorre em outros munic\u00edpios. Apesar de oficialmente a campanha de imuniza\u00e7\u00e3o do Minist\u00e9rio da Sa\u00fade ter terminado no m\u00eas passado, a Divis\u00e3o de Imuniza\u00e7\u00e3o da Secretaria ainda tem vacinas contra a influenza dispon\u00edveis. Enquanto houver estoque, as salas de vacina ser\u00e3o abastecidas para atender a popula\u00e7\u00e3o\u201d, explica o prefeito Hingo Hammes.<br>A Vigil\u00e2ncia Epidemiol\u00f3gica lembra que, por conta da pandemia de covid-19, o Lacen &#8211; laborat\u00f3rio respons\u00e1vel pela identifica\u00e7\u00e3o de casos, monitora especificamente os casos de crian\u00e7as de zero a cinco anos e gestantes.<br>\u201cTemos este ano um percentual de crian\u00e7as vacinadas maior do que o do ano passado, mas \u00e9 importante que pais e respons\u00e1veis que por algum motivo n\u00e3o levaram as crian\u00e7as para se vacinar, procurem a sala de vacina mais pr\u00f3xima para fazer a imuniza\u00e7\u00e3o. A mesma orienta\u00e7\u00e3o vale para os idosos, que tamb\u00e9m devem se imunizar\u201d, orienta o secret\u00e1rio de Sa\u00fade, Aloisio Barbosa da Silva Filho.<br>A campanha de imuniza\u00e7\u00e3o contra a influenza \u2013 v\u00edrus da gripe \u2013 foi realizada entre abril e outubro. Este ano, ela foi subdividida em tr\u00eas fases, come\u00e7ando em abril com a vacina\u00e7\u00e3o de crian\u00e7as e profissionais de sa\u00fade, seguida por idosos e professores e posteriormente para os demais grupos. Desde 8 de julho a vacina\u00e7\u00e3o foi aberta a toda popula\u00e7\u00e3o. A vacina\u00e7\u00e3o segue sendo realizada enquanto houver doses em estoque.<br>Importante destacar que, embora inicialmente o Minist\u00e9rio da Sa\u00fade tenha estabelecido um intervalo de 15 dias entre as vacinas contra covid-19 e influenza, atualmente, seguindo as orienta\u00e7\u00f5es do Minist\u00e9rio, n\u00e3o h\u00e1 mais necessidade de intervalo para a aplica\u00e7\u00e3o dos dois imunizantes.<br>\u201cInicialmente, por conta do monitoramento sobre poss\u00edveis rea\u00e7\u00f5es \u00e0 vacina contra a covid-19, havia uma orienta\u00e7\u00e3o pelo intervalo de 15 dias, mas posteriormente esta orienta\u00e7\u00e3o foi revista pelo Minist\u00e9rio da Sa\u00fade\u201d, explica o secret\u00e1rio Aloisio Barbosa.<br>A vacina contra a influenza est\u00e1 dispon\u00edvel em salas de vacina\u00e7\u00e3o nas seguintes unidades de sa\u00fade: UBS Morin, PSF Alto da Serra, PSF S\u00e3o Sebasti\u00e3o, UBS Alto Independ\u00eancia, UBS Quitandinha, UBS Mosela, UBS Retiro, Ambulat\u00f3rio Escola, UBS Itamarati, Hospital Alcides Carneiro, UBS Itaipava, UBS Araras, UBS Pedro do Rio e PSF Posse.<\/p>\n","protected":false},"excerpt":{"rendered":"<p>Com 120.480 moradores que receberam a vacina contra o v\u00edrus influenza, Petr\u00f3polis tem 68,9% de<\/p>\n","protected":false},"author":2,"featured_media":25388,"comment_status":"open","ping_status":"open","sticky":false,"template":"","format":"standard","meta":{"footnotes":""},"categories":[12,13],"tags":[],"class_list":["post-25387","post","type-post","status-publish","format-standard","has-post-thumbnail","hentry","category-cidade","category-saude"],"_links":{"self":[{"href":"https:\/\/tvc16.com\/portal\/wp-json\/wp\/v2\/posts\/25387","targetHints":{"allow":["GET"]}}],"collection":[{"href":"https:\/\/tvc16.com\/portal\/wp-json\/wp\/v2\/posts"}],"about":[{"href":"https:\/\/tvc16.com\/portal\/wp-json\/wp\/v2\/types\/post"}],"author":[{"embeddable":true,"href":"https:\/\/tvc16.com\/portal\/wp-json\/wp\/v2\/users\/2"}],"replies":[{"embeddable":true,"href":"https:\/\/tvc16.com\/portal\/wp-json\/wp\/v2\/comments?post=25387"}],"version-history":[{"count":1,"href":"https:\/\/tvc16.com\/portal\/wp-json\/wp\/v2\/posts\/25387\/revisions"}],"predecessor-version":[{"id":25389,"href":"https:\/\/tvc16.com\/portal\/wp-json\/wp\/v2\/posts\/25387\/revisions\/25389"}],"wp:featuredmedia":[{"embeddable":true,"href":"https:\/\/tvc16.com\/portal\/wp-json\/wp\/v2\/media\/25388"}],"wp:attachment":[{"href":"https:\/\/tvc16.com\/portal\/wp-json\/wp\/v2\/media?parent=25387"}],"wp:term":[{"taxonomy":"category","embeddable":true,"href":"https:\/\/tvc16.com\/portal\/wp-json\/wp\/v2\/categories?post=25387"},{"taxonomy":"post_tag","embeddable":true,"href":"https:\/\/tvc16.com\/portal\/wp-json\/wp\/v2\/tags?post=25387"}],"curies":[{"name":"wp","href":"https:\/\/api.w.org\/{rel}","templated":true}]}}