{"id":25393,"date":"2021-11-26T07:00:00","date_gmt":"2021-11-26T10:00:00","guid":{"rendered":"https:\/\/tvc16.com\/portal\/?p=25393"},"modified":"2021-11-25T19:31:47","modified_gmt":"2021-11-25T22:31:47","slug":"petropolis-zera-fila-de-pedidos-de-enquadramento-por-formacao-de-profissionais-da-educacao","status":"publish","type":"post","link":"https:\/\/tvc16.com\/portal\/2021\/11\/26\/petropolis-zera-fila-de-pedidos-de-enquadramento-por-formacao-de-profissionais-da-educacao\/","title":{"rendered":"Petr\u00f3polis zera fila de pedidos de enquadramento por forma\u00e7\u00e3o de profissionais da Educa\u00e7\u00e3o"},"content":{"rendered":"\n<p>O prefeito Hingo Hammes assinou nesta quinta-feira (25) o documento de enquadramento referente \u00e0 forma\u00e7\u00e3o de profissionais da Educa\u00e7\u00e3o. S\u00e3o 120 trabalhadores, o que zera a fila de pedidos de enquadramento por forma\u00e7\u00e3o, esperados desde 2020.<br>\u201c\u00c9 uma satisfa\u00e7\u00e3o fazer parte de mais essa conquista da categoria. Finalizamos o ano de 2021 sem ningu\u00e9m na fila esperando pelo enquadramento. Este ano j\u00e1 conseguimos aumentar o valor do REHT, que tamb\u00e9m foi uma grande vit\u00f3ria dos profissionais da Educa\u00e7\u00e3o. Para 2022 temos novos desafios como o concurso p\u00fablico\u201d, disse o prefeito. \u201cTrabalhando com responsabilidade e di\u00e1logo conseguimos avan\u00e7ar nessas pautas e promover o desenvolvimento da cidade\u201d, acrescentou.<br>Para o secret\u00e1rio de Educa\u00e7\u00e3o, Jos\u00e9 Luiz Lima, a medida \u00e9 um reconhecimento da Prefeitura com os profissionais. \u201c\u00c9 uma alegria estar nesta tarde celebrando essa conquista dos profissionais da Educa\u00e7\u00e3o. Esse reconhecimento \u00e9 m\u00e9rito de cada um de voc\u00eas\u201d, ressaltou o secret\u00e1rio.<br>A assinatura do documento de enquadramento referente a forma\u00e7\u00e3o aconteceu durante solenidade realizada na Casa dos Conselhos, na Avenida Koeler. Al\u00e9m dos profissionais da Educa\u00e7\u00e3o, participaram do evento secret\u00e1rios municipais, representantes do Sindicato Estadual dos Profissionais da Educa\u00e7\u00e3o do Rio de Janeiro (Sepe) e dos vereadores Yuri Moura (presidente da Comiss\u00e3o da Educa\u00e7\u00e3o da C\u00e2mara Municipal), Mauro Peralta, Eduardo do Blog e Domingos Protetor.<\/p>\n","protected":false},"excerpt":{"rendered":"<p>O prefeito Hingo Hammes assinou nesta quinta-feira (25) o documento de enquadramento referente \u00e0 forma\u00e7\u00e3o<\/p>\n","protected":false},"author":2,"featured_media":25394,"comment_status":"open","ping_status":"open","sticky":false,"template":"","format":"standard","meta":{"footnotes":""},"categories":[12,19],"tags":[],"class_list":["post-25393","post","type-post","status-publish","format-standard","has-post-thumbnail","hentry","category-cidade","category-educacao"],"_links":{"self":[{"href":"https:\/\/tvc16.com\/portal\/wp-json\/wp\/v2\/posts\/25393","targetHints":{"allow":["GET"]}}],"collection":[{"href":"https:\/\/tvc16.com\/portal\/wp-json\/wp\/v2\/posts"}],"about":[{"href":"https:\/\/tvc16.com\/portal\/wp-json\/wp\/v2\/types\/post"}],"author":[{"embeddable":true,"href":"https:\/\/tvc16.com\/portal\/wp-json\/wp\/v2\/users\/2"}],"replies":[{"embeddable":true,"href":"https:\/\/tvc16.com\/portal\/wp-json\/wp\/v2\/comments?post=25393"}],"version-history":[{"count":1,"href":"https:\/\/tvc16.com\/portal\/wp-json\/wp\/v2\/posts\/25393\/revisions"}],"predecessor-version":[{"id":25395,"href":"https:\/\/tvc16.com\/portal\/wp-json\/wp\/v2\/posts\/25393\/revisions\/25395"}],"wp:featuredmedia":[{"embeddable":true,"href":"https:\/\/tvc16.com\/portal\/wp-json\/wp\/v2\/media\/25394"}],"wp:attachment":[{"href":"https:\/\/tvc16.com\/portal\/wp-json\/wp\/v2\/media?parent=25393"}],"wp:term":[{"taxonomy":"category","embeddable":true,"href":"https:\/\/tvc16.com\/portal\/wp-json\/wp\/v2\/categories?post=25393"},{"taxonomy":"post_tag","embeddable":true,"href":"https:\/\/tvc16.com\/portal\/wp-json\/wp\/v2\/tags?post=25393"}],"curies":[{"name":"wp","href":"https:\/\/api.w.org\/{rel}","templated":true}]}}