{"id":25396,"date":"2021-11-26T07:00:00","date_gmt":"2021-11-26T10:00:00","guid":{"rendered":"https:\/\/tvc16.com\/portal\/?p=25396"},"modified":"2021-11-25T19:38:29","modified_gmt":"2021-11-25T22:38:29","slug":"acao-em-saude-do-homem-atende-o-publico-masculino-no-centro-de-saude","status":"publish","type":"post","link":"https:\/\/tvc16.com\/portal\/2021\/11\/26\/acao-em-saude-do-homem-atende-o-publico-masculino-no-centro-de-saude\/","title":{"rendered":"A\u00e7\u00e3o em Sa\u00fade do Homem atende o p\u00fablico masculino no Centro de Sa\u00fade"},"content":{"rendered":"\n<p>Nesta quarta (24) e quinta-feira (25), o Centro de Sa\u00fade Professor Manoel Jos\u00e9 Ferreira, no Centro da Cidade, recebeu o p\u00fablico masculino para atendimentos especializadas. Quem esteve no local passou por consultas cl\u00ednicas com m\u00e9dico, realizou testes r\u00e1pidos contra Infec\u00e7\u00f5es Sexualmente Transmiss\u00edveis (ISTs), atualizou o cart\u00e3o de vacinas e recebeu orienta\u00e7\u00f5es sobre Planejamento Familiar e Tabagismo.<\/p>\n\n\n\n<p>\u201cRealizamos a a\u00e7\u00e3o em sa\u00fade do homem no Centro de Sa\u00fade dentro da campanha do Novembro Azul do munic\u00edpio. O movimento mundial que busca conscientizar os homens no cuidado com a sa\u00fade, especialmente no combate ao c\u00e2ncer de pr\u00f3stata, tamb\u00e9m traz a import\u00e2ncia do cuidado integral do p\u00fablico masculino. A valoriza\u00e7\u00e3o da sa\u00fade do homem \u00e9 de extrema import\u00e2ncia\u201d, disse o prefeito Hingo Hammes.<\/p>\n\n\n\n<p>O vendedor ambulante Arnaldo Ant\u00f4nio, fez quest\u00e3o de comparecer ao Centro de Sa\u00fade nesta quarta-feira. &#8220;Vim marcar o eletrocardiograma, exame de sangue, de urina entre outros e fui muito bem atendido desde a recep\u00e7\u00e3o at\u00e9 a consulta m\u00e9dica. Os funcion\u00e1rios do Centro de Sa\u00fade foram muito prestativos. Me trataram com muito carinho e respeito. S\u00f3 tenho a agradecer&#8221;, disse ele.<\/p>\n\n\n\n<p>Nesta sexta-feira (26), o Centro de Sa\u00fade Coletiva realizar\u00e1 o Dia D de atendimento do p\u00fablico masculino no terceiro turno, das 17 \u00e0s 20 horas. Os homens passar\u00e3o por consultas cl\u00ednicas, orienta\u00e7\u00f5es de planejamento familiar e tabagismo, testes de Infec\u00e7\u00f5es Sexualmente Transmiss\u00edveis (IST), al\u00e9m da solicita\u00e7\u00e3o de ultrassonografia de abd\u00f4men total e de pr\u00f3stata.<\/p>\n","protected":false},"excerpt":{"rendered":"<p>Nesta quarta (24) e quinta-feira (25), o Centro de Sa\u00fade Professor Manoel Jos\u00e9 Ferreira, no<\/p>\n","protected":false},"author":2,"featured_media":25397,"comment_status":"open","ping_status":"open","sticky":false,"template":"","format":"standard","meta":{"footnotes":""},"categories":[12,13],"tags":[],"class_list":["post-25396","post","type-post","status-publish","format-standard","has-post-thumbnail","hentry","category-cidade","category-saude"],"_links":{"self":[{"href":"https:\/\/tvc16.com\/portal\/wp-json\/wp\/v2\/posts\/25396","targetHints":{"allow":["GET"]}}],"collection":[{"href":"https:\/\/tvc16.com\/portal\/wp-json\/wp\/v2\/posts"}],"about":[{"href":"https:\/\/tvc16.com\/portal\/wp-json\/wp\/v2\/types\/post"}],"author":[{"embeddable":true,"href":"https:\/\/tvc16.com\/portal\/wp-json\/wp\/v2\/users\/2"}],"replies":[{"embeddable":true,"href":"https:\/\/tvc16.com\/portal\/wp-json\/wp\/v2\/comments?post=25396"}],"version-history":[{"count":1,"href":"https:\/\/tvc16.com\/portal\/wp-json\/wp\/v2\/posts\/25396\/revisions"}],"predecessor-version":[{"id":25398,"href":"https:\/\/tvc16.com\/portal\/wp-json\/wp\/v2\/posts\/25396\/revisions\/25398"}],"wp:featuredmedia":[{"embeddable":true,"href":"https:\/\/tvc16.com\/portal\/wp-json\/wp\/v2\/media\/25397"}],"wp:attachment":[{"href":"https:\/\/tvc16.com\/portal\/wp-json\/wp\/v2\/media?parent=25396"}],"wp:term":[{"taxonomy":"category","embeddable":true,"href":"https:\/\/tvc16.com\/portal\/wp-json\/wp\/v2\/categories?post=25396"},{"taxonomy":"post_tag","embeddable":true,"href":"https:\/\/tvc16.com\/portal\/wp-json\/wp\/v2\/tags?post=25396"}],"curies":[{"name":"wp","href":"https:\/\/api.w.org\/{rel}","templated":true}]}}