{"id":25402,"date":"2021-11-26T07:00:00","date_gmt":"2021-11-26T10:00:00","guid":{"rendered":"https:\/\/tvc16.com\/portal\/?p=25402"},"modified":"2021-11-25T20:19:03","modified_gmt":"2021-11-25T23:19:03","slug":"projeto-estimula-comunidades-no-desenvolvimento-de-hortas-e-pomares-sustentaveis","status":"publish","type":"post","link":"https:\/\/tvc16.com\/portal\/2021\/11\/26\/projeto-estimula-comunidades-no-desenvolvimento-de-hortas-e-pomares-sustentaveis\/","title":{"rendered":"Projeto estimula comunidades no desenvolvimento de hortas e pomares sustent\u00e1veis"},"content":{"rendered":"\n<p>De onde vem os itens que comp\u00f5em a sua refei\u00e7\u00e3o? Org\u00e2nicos, colhidos da horta, comprados na feira ou cultivados pertinho de casa, os alimentos que trazem mais cor \u00e0 nossa mesa s\u00e3o fontes ricas de vitaminas, sais minerais e prote\u00ednas. E com objetivo de trazer conhecimentos sobre o plantio caseiro, alimenta\u00e7\u00e3o saud\u00e1vel e boas pr\u00e1ticas, o projeto \u201cSemeamando\u201d, retoma as suas atividades em Petr\u00f3polis, depois do projeto piloto criado em 2013 e implantado no Caetitu, localidade de Corr\u00eaas.<\/p>\n\n\n\n<p>A iniciativa da Engenheira Agr\u00f4noma Carolina Rodrigues, tem como principal proposta oferecer a crian\u00e7as, idosos e p\u00fablico em geral, a possibilidade de aprender, entender e aplicar conhecimentos sobre a cria\u00e7\u00e3o de hortas e pomares org\u00e2nicos que possam agregar benef\u00edcios para comunidades locais.<\/p>\n\n\n\n<p>\u201cA nossa ideia \u00e9 criar uma viv\u00eancia entre as pessoas e o meio ambiente. Queremos para al\u00e9m de apenas plantar mudas e esp\u00e9cies que possam servir como alimentos para essas pessoas, tamb\u00e9m servir como um est\u00edmulo a responsabilidade e comprometimento com a natureza e a sustentabilidade do planeta. Por isso temos como p\u00fablico alvo escolas, creches, asilos, empresas e similares\u201d, explica Carolina.<\/p>\n\n\n\n<p>Atualmente o Semeamando tem dois n\u00facleos ativos: um em parceria com o projeto \u201cPetr\u00f3polis da Paz\u201d, cujas atividades tiveram in\u00edcio na \u00faltima semana e outro na Creche Escola CEI do Castelo S\u00e3o Manoel, em Corr\u00eaas.<\/p>\n\n\n\n<p>Segundo a Coordenadora do Programa Petr\u00f3polis da Paz, que \u00e9 realizado pela Prefeitura Municipal de Petr\u00f3polis, a iniciativa auxilia no processo de desenvolvimento de adolescentes atendidos pelo projeto, estimulando o desenvolvimento de potencialidades.<\/p>\n\n\n\n<p>\u201cHoje, os adolescentes atendidos na vertente da Justi\u00e7a Restaurativa puderam conhecer de perto uma possibilidade de of\u00edcio atrav\u00e9s do plantio, jardinagem e cuidado com a terra e a natureza. Uma atividade onde podem desenvolver seus talentos\u201d, disse Elsie-Elen Carvalho, coordenadora do Programa Petr\u00f3polis da Paz.<\/p>\n\n\n\n<p>O objetivo \u00e9 atrav\u00e9s da articula\u00e7\u00e3o de pontes, a iniciativa consiga contemplar outros bairros do munic\u00edpio e agregar a Regi\u00e3o Serrana, de forma geral, explica a Supervisora Volunt\u00e1ria do Projeto Semeamando Gisele de Almeida.<\/p>\n\n\n\n<p>\u201cPrecisamos conscientizar a sociedade sobre a import\u00e2ncia que tem os alimentos frescos que t\u00eam grande valor nutricional e s\u00e3o extremamente ben\u00e9ficos para a sa\u00fade. Sem falar na quantidade de agrot\u00f3xicos que deixamos de ingerir, pois os org\u00e2nicos n\u00e3o usam defensivos qu\u00edmicos para a obten\u00e7\u00e3o de vegetais em larga escala. Tamb\u00e9m \u00e9 importante refor\u00e7ar a import\u00e2ncia que o contato com o meio ambiente e pr\u00e1ticas sustent\u00e1veis t\u00eam para o dia a dia dessas pessoas\u201d, detalha a Engenheira Agr\u00f4noma e respons\u00e1vel pelo projeto.<\/p>\n\n\n\n<p>O p\u00fablico em geral pode colaborar atrav\u00e9s da doa\u00e7\u00e3o de mudas ou itens para a constru\u00e7\u00e3o de hortas e pomares. Os interessados tamb\u00e9m podem entrar em contato pelo telefone (24) 99965-0423.<\/p>\n","protected":false},"excerpt":{"rendered":"<p>De onde vem os itens que comp\u00f5em a sua refei\u00e7\u00e3o? Org\u00e2nicos, colhidos da horta, comprados<\/p>\n","protected":false},"author":2,"featured_media":25403,"comment_status":"open","ping_status":"open","sticky":false,"template":"","format":"standard","meta":{"footnotes":""},"categories":[12],"tags":[],"class_list":["post-25402","post","type-post","status-publish","format-standard","has-post-thumbnail","hentry","category-cidade"],"_links":{"self":[{"href":"https:\/\/tvc16.com\/portal\/wp-json\/wp\/v2\/posts\/25402","targetHints":{"allow":["GET"]}}],"collection":[{"href":"https:\/\/tvc16.com\/portal\/wp-json\/wp\/v2\/posts"}],"about":[{"href":"https:\/\/tvc16.com\/portal\/wp-json\/wp\/v2\/types\/post"}],"author":[{"embeddable":true,"href":"https:\/\/tvc16.com\/portal\/wp-json\/wp\/v2\/users\/2"}],"replies":[{"embeddable":true,"href":"https:\/\/tvc16.com\/portal\/wp-json\/wp\/v2\/comments?post=25402"}],"version-history":[{"count":1,"href":"https:\/\/tvc16.com\/portal\/wp-json\/wp\/v2\/posts\/25402\/revisions"}],"predecessor-version":[{"id":25404,"href":"https:\/\/tvc16.com\/portal\/wp-json\/wp\/v2\/posts\/25402\/revisions\/25404"}],"wp:featuredmedia":[{"embeddable":true,"href":"https:\/\/tvc16.com\/portal\/wp-json\/wp\/v2\/media\/25403"}],"wp:attachment":[{"href":"https:\/\/tvc16.com\/portal\/wp-json\/wp\/v2\/media?parent=25402"}],"wp:term":[{"taxonomy":"category","embeddable":true,"href":"https:\/\/tvc16.com\/portal\/wp-json\/wp\/v2\/categories?post=25402"},{"taxonomy":"post_tag","embeddable":true,"href":"https:\/\/tvc16.com\/portal\/wp-json\/wp\/v2\/tags?post=25402"}],"curies":[{"name":"wp","href":"https:\/\/api.w.org\/{rel}","templated":true}]}}