{"id":25405,"date":"2021-11-26T07:00:00","date_gmt":"2021-11-26T10:00:00","guid":{"rendered":"https:\/\/tvc16.com\/portal\/?p=25405"},"modified":"2021-11-25T20:18:51","modified_gmt":"2021-11-25T23:18:51","slug":"inscricoes-para-a-segunda-etapa-do-revalida-2021-estao-abertas","status":"publish","type":"post","link":"https:\/\/tvc16.com\/portal\/2021\/11\/26\/inscricoes-para-a-segunda-etapa-do-revalida-2021-estao-abertas\/","title":{"rendered":"Inscri\u00e7\u00f5es para a segunda etapa do Revalida 2021 est\u00e3o abertas"},"content":{"rendered":"\n<p>O Instituto Nacional de Estudos e Pesquisas Educacionais An\u00edsio Teixeira (Inep) est\u00e1 com inscri\u00e7\u00f5es abertas para a segunda etapa do Exame Nacional de Revalida\u00e7\u00e3o de Diplomas M\u00e9dicos Expedidos por Institui\u00e7\u00e3o de Educa\u00e7\u00e3o Superior Estrangeira (Revalida) 2021. Os interessados devem se inscrever por meio do&nbsp;<a href=\"http:\/\/revalida.inep.gov.br\/revalida\/\" target=\"_blank\" rel=\"noreferrer noopener\">Sistema Revalida<\/a>, at\u00e9 as 23h59 do pr\u00f3ximo domingo (28), pelo hor\u00e1rio de Bras\u00edlia. O prazo tamb\u00e9m vale para as solicita\u00e7\u00f5es de atendimento especializado.<img decoding=\"async\" src=\"https:\/\/agenciabrasil.ebc.com.br\/ebc.png?id=1429060&amp;o=node\"><img decoding=\"async\" src=\"https:\/\/agenciabrasil.ebc.com.br\/ebc.gif?id=1429060&amp;o=node\"><\/p>\n\n\n\n<p>As provas de habilidades cl\u00ednicas ser\u00e3o aplicadas nos dias 18 e 19 de dezembro.<\/p>\n\n\n\n<p>Para participar da segunda etapa, que \u00e9 um exame pr\u00e1tico, \u00e9 necess\u00e1rio ter sido aprovado na primeira, que contemplou as provas objetiva e discursiva. Os resultados definitivos dessa \u00faltima fase foram divulgados na sexta-feira (19). Participantes do Revalida 2020 aprovados na prova te\u00f3rica e reprovados na pr\u00e1tica tamb\u00e9m poder\u00e3o se inscrever nessa segunda etapa do Revalida 2021 e dar sequ\u00eancia ao exame.<\/p>\n\n\n\n<p>Ao todo, s\u00e3o 7.280 vagas dispon\u00edveis, distribu\u00eddas entre as 22 cidades de aplica\u00e7\u00e3o: Aracaju (SE), Bel\u00e9m (PA), Belo Horizonte (MG), Bras\u00edlia (DF), Campina Grande (PB), Campo Grande (MS), Curitiba (PR), Fortaleza (CE), Florian\u00f3polis (SC), Goi\u00e2nia (GO), Jo\u00e3o Pessoa (PB), Macei\u00f3 (AL), Manaus (AM), Niter\u00f3i (RJ), Pelotas (RS), Porto Alegre (RS), Salvador (BA), S\u00e3o Lu\u00eds (MA), S\u00e3o Paulo (SP), Santa Maria (RS), Teresina (PI) e Uberl\u00e2ndia (MG).<\/p>\n\n\n\n<p>O exame \u00e9 estruturado por um conjunto de dez esta\u00e7\u00f5es, que ser\u00e3o percorridas ao longo dos dois dias de provas, nas quais os m\u00e9dicos dever\u00e3o realizar tarefas espec\u00edficas das \u00e1reas determinadas. Isso pode incluir investiga\u00e7\u00e3o de hist\u00f3ria cl\u00ednica, interpreta\u00e7\u00e3o de exames, formula\u00e7\u00e3o de hip\u00f3teses diagn\u00f3sticas, demonstra\u00e7\u00e3o de procedimentos m\u00e9dicos, aconselhamento a pacientes ou familiares, entre outras.<\/p>\n\n\n\n<p>O participante aprovado nessa etapa estar\u00e1 apto a prosseguir com o apostilamento da revalida\u00e7\u00e3o do diploma de medicina junto a uma das universidades parceira do exame. Ap\u00f3s a divulga\u00e7\u00e3o do resultado final, a rela\u00e7\u00e3o das institui\u00e7\u00f5es ser\u00e1 disponibilizada no Sistema Revalida. Caso o participante reprove na segunda etapa, ele poder\u00e1 se reinscrever diretamente nela, pelas duas pr\u00f3ximas edi\u00e7\u00f5es do exame.<\/p>\n\n\n\n<h2 class=\"wp-block-heading\">Revalida<\/h2>\n\n\n\n<p>Aplicado pelo Inep desde 2011, o Revalida busca subsidiar a revalida\u00e7\u00e3o, no Brasil, do diploma de gradua\u00e7\u00e3o em medicina expedido no exterior. O exame \u00e9 composto por duas etapas (te\u00f3rica e pr\u00e1tica) que abordam, de forma interdisciplinar, as cinco grandes \u00e1reas da medicina: cl\u00ednica m\u00e9dica, cirurgia, ginecologia e obstetr\u00edcia, pediatria e medicina da fam\u00edlia e comunidade (sa\u00fade coletiva).<\/p>\n","protected":false},"excerpt":{"rendered":"<p>O Instituto Nacional de Estudos e Pesquisas Educacionais An\u00edsio Teixeira (Inep) est\u00e1 com inscri\u00e7\u00f5es abertas<\/p>\n","protected":false},"author":2,"featured_media":25406,"comment_status":"open","ping_status":"open","sticky":false,"template":"","format":"standard","meta":{"footnotes":""},"categories":[19,17],"tags":[],"class_list":["post-25405","post","type-post","status-publish","format-standard","has-post-thumbnail","hentry","category-educacao","category-outras-noticias"],"_links":{"self":[{"href":"https:\/\/tvc16.com\/portal\/wp-json\/wp\/v2\/posts\/25405","targetHints":{"allow":["GET"]}}],"collection":[{"href":"https:\/\/tvc16.com\/portal\/wp-json\/wp\/v2\/posts"}],"about":[{"href":"https:\/\/tvc16.com\/portal\/wp-json\/wp\/v2\/types\/post"}],"author":[{"embeddable":true,"href":"https:\/\/tvc16.com\/portal\/wp-json\/wp\/v2\/users\/2"}],"replies":[{"embeddable":true,"href":"https:\/\/tvc16.com\/portal\/wp-json\/wp\/v2\/comments?post=25405"}],"version-history":[{"count":1,"href":"https:\/\/tvc16.com\/portal\/wp-json\/wp\/v2\/posts\/25405\/revisions"}],"predecessor-version":[{"id":25407,"href":"https:\/\/tvc16.com\/portal\/wp-json\/wp\/v2\/posts\/25405\/revisions\/25407"}],"wp:featuredmedia":[{"embeddable":true,"href":"https:\/\/tvc16.com\/portal\/wp-json\/wp\/v2\/media\/25406"}],"wp:attachment":[{"href":"https:\/\/tvc16.com\/portal\/wp-json\/wp\/v2\/media?parent=25405"}],"wp:term":[{"taxonomy":"category","embeddable":true,"href":"https:\/\/tvc16.com\/portal\/wp-json\/wp\/v2\/categories?post=25405"},{"taxonomy":"post_tag","embeddable":true,"href":"https:\/\/tvc16.com\/portal\/wp-json\/wp\/v2\/tags?post=25405"}],"curies":[{"name":"wp","href":"https:\/\/api.w.org\/{rel}","templated":true}]}}