{"id":25408,"date":"2021-11-26T11:17:21","date_gmt":"2021-11-26T14:17:21","guid":{"rendered":"https:\/\/tvc16.com\/portal\/?p=25408"},"modified":"2021-11-26T11:23:37","modified_gmt":"2021-11-26T14:23:37","slug":"fim-de-semana-promete-se-chuvoso-em-petropolis","status":"publish","type":"post","link":"https:\/\/tvc16.com\/portal\/2021\/11\/26\/fim-de-semana-promete-se-chuvoso-em-petropolis\/","title":{"rendered":"Fim de semana promete se chuvoso em Petr\u00f3polis"},"content":{"rendered":"\n<p>A aproxima\u00e7\u00e3o e posterior passagem de uma frente fria deixar\u00e3o as condi\u00e7\u00f5es de tempo inst\u00e1veis no munic\u00edpio de Petr\u00f3polis a partir da tarde de sexta-feira (26\/11).<\/p>\n\n\n\n<p>Entre sexta-feira e s\u00e1bado (27\/11) h\u00e1 previs\u00e3o de pancadas de chuva moderada a forte podendo vir acompanhadas por descargas el\u00e9tricas, com maiores intensidades a noite de sexta e madrugada de s\u00e1bado, assim como a tarde\/noite de s\u00e1bado.<\/p>\n\n\n\n<p>Os ventos tamb\u00e9m aumentar\u00e3o de intensidade, sendo moderado a forte entre a manh\u00e3 de sexta e tarde de s\u00e1bado.<\/p>\n\n\n\n<p>O Boletim Meteorol\u00f3gico com maiores detalhes da previs\u00e3o do tempo para a cidade poder\u00e1 ser consultado atrav\u00e9s do link https:\/\/bit.ly\/3vmRgZ2.<\/p>\n\n\n\n<p>A Defesa Civil solicita que \u00e0 popula\u00e7\u00e3o fique atenta \u00e0s atualiza\u00e7\u00f5es e aos alertas emitidos pelo \u00f3rg\u00e3o, e que em caso de emerg\u00eancia ligue 199.<\/p>\n\n\n\n<p>Foto: Internet <\/p>\n","protected":false},"excerpt":{"rendered":"<p>A aproxima\u00e7\u00e3o e posterior passagem de uma frente fria deixar\u00e3o as condi\u00e7\u00f5es de tempo inst\u00e1veis<\/p>\n","protected":false},"author":2,"featured_media":24812,"comment_status":"open","ping_status":"open","sticky":false,"template":"","format":"standard","meta":{"footnotes":""},"categories":[12],"tags":[],"class_list":["post-25408","post","type-post","status-publish","format-standard","has-post-thumbnail","hentry","category-cidade"],"_links":{"self":[{"href":"https:\/\/tvc16.com\/portal\/wp-json\/wp\/v2\/posts\/25408","targetHints":{"allow":["GET"]}}],"collection":[{"href":"https:\/\/tvc16.com\/portal\/wp-json\/wp\/v2\/posts"}],"about":[{"href":"https:\/\/tvc16.com\/portal\/wp-json\/wp\/v2\/types\/post"}],"author":[{"embeddable":true,"href":"https:\/\/tvc16.com\/portal\/wp-json\/wp\/v2\/users\/2"}],"replies":[{"embeddable":true,"href":"https:\/\/tvc16.com\/portal\/wp-json\/wp\/v2\/comments?post=25408"}],"version-history":[{"count":2,"href":"https:\/\/tvc16.com\/portal\/wp-json\/wp\/v2\/posts\/25408\/revisions"}],"predecessor-version":[{"id":25410,"href":"https:\/\/tvc16.com\/portal\/wp-json\/wp\/v2\/posts\/25408\/revisions\/25410"}],"wp:featuredmedia":[{"embeddable":true,"href":"https:\/\/tvc16.com\/portal\/wp-json\/wp\/v2\/media\/24812"}],"wp:attachment":[{"href":"https:\/\/tvc16.com\/portal\/wp-json\/wp\/v2\/media?parent=25408"}],"wp:term":[{"taxonomy":"category","embeddable":true,"href":"https:\/\/tvc16.com\/portal\/wp-json\/wp\/v2\/categories?post=25408"},{"taxonomy":"post_tag","embeddable":true,"href":"https:\/\/tvc16.com\/portal\/wp-json\/wp\/v2\/tags?post=25408"}],"curies":[{"name":"wp","href":"https:\/\/api.w.org\/{rel}","templated":true}]}}