{"id":25453,"date":"2021-11-28T07:00:00","date_gmt":"2021-11-28T10:00:00","guid":{"rendered":"https:\/\/tvc16.com\/portal\/?p=25453"},"modified":"2021-11-26T16:51:28","modified_gmt":"2021-11-26T19:51:28","slug":"mais-tres-escolas-municipais-de-teresopolis-terao-horario-integral-a-partir-de-2022","status":"publish","type":"post","link":"https:\/\/tvc16.com\/portal\/2021\/11\/28\/mais-tres-escolas-municipais-de-teresopolis-terao-horario-integral-a-partir-de-2022\/","title":{"rendered":"Mais tr\u00eas escolas municipais de Teres\u00f3polis ter\u00e3o hor\u00e1rio integral a partir de 2022"},"content":{"rendered":"\n<p>As escolas da Rede Municipal de Ensino de Teres\u00f3polis Ciep Sebasti\u00e3o Mello, localizado no Barroso, E. M. Hil\u00e1rio Ribeiro, no Quebra Frascos, e a E. M. Am\u00e9lia dos Santos Ramos, situada em Campo Limpo, no 2\u00ba Distrito, s\u00e3o as novas unidades de primeiro segmento em tempo integral a partir de 2022. Com isso, a Rede Municipal passa a contar, na cidade e no interior, com 9 unidades com o sistema.<\/p>\n\n\n\n<p>O Ciep Sebasti\u00e3o Mello, por exemplo, vinha atendendo cerca de 300 alunos do Pr\u00e9-escolar ao 5\u00ba ano do Ensino Fundamental, divididos em dois turnos. A partir da amplia\u00e7\u00e3o, vai passar a atender aproximadamente 350 alunos.<\/p>\n\n\n\n<p><em>\u201cEssas escolas contar\u00e3o com a proposta pedag\u00f3gica espec\u00edfica do corpo em movimento, ampliando as possibilidades de aprendizado, e refor\u00e7o escolar. Ser\u00e3o oferecidas quatro refei\u00e7\u00f5es di\u00e1rias\u201d<\/em>, explicou a secret\u00e1ria de Educa\u00e7\u00e3o, Satiele Santos.<\/p>\n\n\n\n<p>Satiele Santos destacou que o movimento \u00e9 muito importante para o pleno desenvolvimento da crian\u00e7a. Desde o nascimento, ela j\u00e1 passa a utilizar o pr\u00f3prio corpo para interagir com o ambiente e com as pessoas. Esses movimentos s\u00e3o gradativamente aperfei\u00e7oados pelas crian\u00e7as, como forma de entender o mundo ao seu redor. Com isso, passa a manusear objetos, engatinhar, caminhar, correr, saltar, brincar. Assim, as crian\u00e7as utilizam o movimento como meio de expressar suas emo\u00e7\u00f5es e seus pensamentos. Portanto, o movimento \u00e9 utilizado pela crian\u00e7a como uma linguagem, tanto para agir com o meio f\u00edsico como para se comunicar com as pessoas.<\/p>\n\n\n\n<p><em>\u201cA escola deve criar situa\u00e7\u00f5es favor\u00e1veis para que a crian\u00e7a se desenvolva de tal forma que amplie os conhecimentos sobre si mesma, explore o ambiente f\u00edsico e social e supere desafios. Ao professor cabe proporcionar atividades que possam estimular as crian\u00e7as para que elas percebam seus recursos corporais, suas capacidades. Os educadores devem criar in\u00fameras possibilidades para que as crian\u00e7as se sintam seguras e livres para aperfei\u00e7oarem suas habilidades motoras\u201d<\/em>, enfatizou Satiele.<\/p>\n\n\n\n<p><strong>Investindo em Educa\u00e7\u00e3o<\/strong><strong>&nbsp;<\/strong><\/p>\n\n\n\n<p>Em Teres\u00f3polis, j\u00e1 funcionam das 7h30 \u00e0s 15h as escolas Professora Aclim\u00e9a Nascimento (S\u00e3o Pedro), Governador Portella (Morro dos Pinheiros), Professor Sylvio Amaral dos Santos (Granja Guarani), Heleno de Barros Nunes (Fischer) e Rui Barbosa (Gamboa\/2\u00ba Distrito).&nbsp;<strong>&nbsp;<\/strong><\/p>\n\n\n\n<p>Outro importante investimento da nossa gest\u00e3o \u00e9 a implanta\u00e7\u00e3o do programa GEO \u2013 Gin\u00e1sio Experimental Ol\u00edmpico no Cedal (Centro Educacional Rose Dalmaso), no bairro de S\u00e3o Pedro. A unidade ser\u00e1 a primeira escola municipal de Teres\u00f3polis a receber o programa no ano letivo de 2022. O programa do Instituto Trevo tem como objetivo levar a tem\u00e1tica ol\u00edmpica para o ambiente escolar, proporcionando a intera\u00e7\u00e3o entre todas as disciplinas dos conte\u00fados regulares, com \u00eanfase nos valores ol\u00edmpicos.<\/p>\n\n\n\n<p><em>\u201cA valoriza\u00e7\u00e3o da Educa\u00e7\u00e3o Municipal \u00e9 um dos principais focos da nossa gest\u00e3o. Temos investido em diversas \u00e1reas da Educa\u00e7\u00e3o, como a amplia\u00e7\u00e3o de unidades que atendem em tempo integral. A contrata\u00e7\u00e3o, por concurso, de mais de 400 professores depois de 10 anos sem acontecer, a aquisi\u00e7\u00e3o de uniformes e material escolar para os mais de 21 mil alunos da rede, a mudan\u00e7a no formato da merenda, priorizando a qualidade das refei\u00e7\u00f5es oferecidas, e, para breve, a distribui\u00e7\u00e3o de 19 mil tablets para os nossos estudantes e de notebooks para os professores est\u00e3o entre as realiza\u00e7\u00f5es das quais temos muito orgulho de contribuir!\u201d<\/em>, finalizou o Prefeito Vinicius Claussen.&nbsp;<\/p>\n","protected":false},"excerpt":{"rendered":"<p>As escolas da Rede Municipal de Ensino de Teres\u00f3polis Ciep Sebasti\u00e3o Mello, localizado no Barroso,<\/p>\n","protected":false},"author":2,"featured_media":25454,"comment_status":"open","ping_status":"open","sticky":false,"template":"","format":"standard","meta":{"footnotes":""},"categories":[19,17],"tags":[],"class_list":["post-25453","post","type-post","status-publish","format-standard","has-post-thumbnail","hentry","category-educacao","category-outras-noticias"],"_links":{"self":[{"href":"https:\/\/tvc16.com\/portal\/wp-json\/wp\/v2\/posts\/25453","targetHints":{"allow":["GET"]}}],"collection":[{"href":"https:\/\/tvc16.com\/portal\/wp-json\/wp\/v2\/posts"}],"about":[{"href":"https:\/\/tvc16.com\/portal\/wp-json\/wp\/v2\/types\/post"}],"author":[{"embeddable":true,"href":"https:\/\/tvc16.com\/portal\/wp-json\/wp\/v2\/users\/2"}],"replies":[{"embeddable":true,"href":"https:\/\/tvc16.com\/portal\/wp-json\/wp\/v2\/comments?post=25453"}],"version-history":[{"count":1,"href":"https:\/\/tvc16.com\/portal\/wp-json\/wp\/v2\/posts\/25453\/revisions"}],"predecessor-version":[{"id":25455,"href":"https:\/\/tvc16.com\/portal\/wp-json\/wp\/v2\/posts\/25453\/revisions\/25455"}],"wp:featuredmedia":[{"embeddable":true,"href":"https:\/\/tvc16.com\/portal\/wp-json\/wp\/v2\/media\/25454"}],"wp:attachment":[{"href":"https:\/\/tvc16.com\/portal\/wp-json\/wp\/v2\/media?parent=25453"}],"wp:term":[{"taxonomy":"category","embeddable":true,"href":"https:\/\/tvc16.com\/portal\/wp-json\/wp\/v2\/categories?post=25453"},{"taxonomy":"post_tag","embeddable":true,"href":"https:\/\/tvc16.com\/portal\/wp-json\/wp\/v2\/tags?post=25453"}],"curies":[{"name":"wp","href":"https:\/\/api.w.org\/{rel}","templated":true}]}}