{"id":25498,"date":"2021-11-28T07:00:00","date_gmt":"2021-11-28T10:00:00","guid":{"rendered":"https:\/\/tvc16.com\/portal\/?p=25498"},"modified":"2021-11-26T19:23:25","modified_gmt":"2021-11-26T22:23:25","slug":"rua-16-de-marco-ficara-fechada-neste-domingo-para-montagem-do-tunel-de-luz","status":"publish","type":"post","link":"https:\/\/tvc16.com\/portal\/2021\/11\/28\/rua-16-de-marco-ficara-fechada-neste-domingo-para-montagem-do-tunel-de-luz\/","title":{"rendered":"Rua 16 de Mar\u00e7o ficar\u00e1 fechada neste domingo para montagem do T\u00fanel de Luz"},"content":{"rendered":"\n<p>A Companhia Petropolitana de Tr\u00e2nsito e Transportes (CPTrans) interditar\u00e1 totalmente neste domingo (28), a partir das 8h30, a passagem de ve\u00edculos na Rua 16 de Mar\u00e7o, no Centro Hist\u00f3rico. A interven\u00e7\u00e3o \u00e9 para a montagem do T\u00fanel de Luz, uma das atra\u00e7\u00f5es do Natal Imperial 2021.<\/p>\n\n\n\n<p>\u201cNos anos em que fez parte da programa\u00e7\u00e3o da festa, o T\u00fanel de Luz foi uma das atra\u00e7\u00f5es mais procuradas pelos moradores da cidade e pelos turistas. Ela volta para tornar especial o Natal de todos que estiverem na nossa cidade nesta \u00e9poca do ano\u201d, destaca o prefeito interino Hingo Hammes.<\/p>\n\n\n\n<p>O T\u00fanel de Luz, com cerca de 100 metros de comprimento, ser\u00e1 formado por milhares de l\u00e2mpadas, que apagam e acendem, sincronizadas com m\u00fasicas natalinas. Durante o Natal Imperial, ser\u00e3o realizados espet\u00e1culos de 30 em 30 minutos, das 19h \u00e0s 21h, a partir do dia 4 de dezembro. A atra\u00e7\u00e3o seguir\u00e1, todos os dias, at\u00e9 9 de janeiro.<\/p>\n\n\n\n<p>\u201cAl\u00e9m do trabalho de montagem neste domingo, o funcionamento do T\u00fanel de Luz tamb\u00e9m vai resultar no fechamento total da via nos dias e hor\u00e1rios em que os espet\u00e1culos acontecem. Ou seja, sempre das 19h \u00e0s 21h. Por isso, pedimos para que os motoristas evitem esse trecho nesse per\u00edodo do dia\u201d, destacou o diretor-presidente da CPTrans, Luciano Moreira, lembrando que as interdi\u00e7\u00f5es s\u00e3o importantes para dar seguran\u00e7a \u00e0s pessoas que estiverem no local da atra\u00e7\u00e3o.<\/p>\n","protected":false},"excerpt":{"rendered":"<p>A Companhia Petropolitana de Tr\u00e2nsito e Transportes (CPTrans) interditar\u00e1 totalmente neste domingo (28), a partir<\/p>\n","protected":false},"author":2,"featured_media":22792,"comment_status":"open","ping_status":"open","sticky":false,"template":"","format":"standard","meta":{"footnotes":""},"categories":[12],"tags":[],"class_list":["post-25498","post","type-post","status-publish","format-standard","has-post-thumbnail","hentry","category-cidade"],"_links":{"self":[{"href":"https:\/\/tvc16.com\/portal\/wp-json\/wp\/v2\/posts\/25498","targetHints":{"allow":["GET"]}}],"collection":[{"href":"https:\/\/tvc16.com\/portal\/wp-json\/wp\/v2\/posts"}],"about":[{"href":"https:\/\/tvc16.com\/portal\/wp-json\/wp\/v2\/types\/post"}],"author":[{"embeddable":true,"href":"https:\/\/tvc16.com\/portal\/wp-json\/wp\/v2\/users\/2"}],"replies":[{"embeddable":true,"href":"https:\/\/tvc16.com\/portal\/wp-json\/wp\/v2\/comments?post=25498"}],"version-history":[{"count":1,"href":"https:\/\/tvc16.com\/portal\/wp-json\/wp\/v2\/posts\/25498\/revisions"}],"predecessor-version":[{"id":25499,"href":"https:\/\/tvc16.com\/portal\/wp-json\/wp\/v2\/posts\/25498\/revisions\/25499"}],"wp:featuredmedia":[{"embeddable":true,"href":"https:\/\/tvc16.com\/portal\/wp-json\/wp\/v2\/media\/22792"}],"wp:attachment":[{"href":"https:\/\/tvc16.com\/portal\/wp-json\/wp\/v2\/media?parent=25498"}],"wp:term":[{"taxonomy":"category","embeddable":true,"href":"https:\/\/tvc16.com\/portal\/wp-json\/wp\/v2\/categories?post=25498"},{"taxonomy":"post_tag","embeddable":true,"href":"https:\/\/tvc16.com\/portal\/wp-json\/wp\/v2\/tags?post=25498"}],"curies":[{"name":"wp","href":"https:\/\/api.w.org\/{rel}","templated":true}]}}