{"id":25500,"date":"2021-11-28T07:00:00","date_gmt":"2021-11-28T10:00:00","guid":{"rendered":"https:\/\/tvc16.com\/portal\/?p=25500"},"modified":"2021-11-26T19:30:39","modified_gmt":"2021-11-26T22:30:39","slug":"lei-que-garante-bolsas-para-docentes-da-educacao-basica-e-sancionada","status":"publish","type":"post","link":"https:\/\/tvc16.com\/portal\/2021\/11\/28\/lei-que-garante-bolsas-para-docentes-da-educacao-basica-e-sancionada\/","title":{"rendered":"Lei que garante bolsas para docentes da educa\u00e7\u00e3o b\u00e1sica \u00e9 sancionada"},"content":{"rendered":"\n<p>O presidente Jair Bolsonaro sancionou hoje (26) o Projeto de Lei&nbsp; n\u00ba 31, que garante verbas de R$ 135 milh\u00f5es para pagar bolsas de forma\u00e7\u00e3o para professores da educa\u00e7\u00e3o b\u00e1sica. Os recursos ser\u00e3o destinados ao Programa Institucional de Bolsas de Inicia\u00e7\u00e3o \u00e0 Doc\u00eancia (Pibid) e ao programa Resid\u00eancia Pedag\u00f3gica, al\u00e9m de outras a\u00e7\u00f5es voltadas \u00e0 educa\u00e7\u00e3o b\u00e1sica, como o Plano Nacional de Forma\u00e7\u00e3o de Professores da Educa\u00e7\u00e3o B\u00e1sica (Parfor) e o Programa de Mestrado Profissional para Professores da Educa\u00e7\u00e3o B\u00e1sica (ProEB).<img decoding=\"async\" src=\"https:\/\/agenciabrasil.ebc.com.br\/ebc.png?id=1429207&amp;o=node\"><img decoding=\"async\" src=\"https:\/\/agenciabrasil.ebc.com.br\/ebc.gif?id=1429207&amp;o=node\"><\/p>\n\n\n\n<p>\u201cA transforma\u00e7\u00e3o do projeto em lei significa tranquilidade para milhares de bolsistas. Para a Coordena\u00e7\u00e3o de Aperfei\u00e7oamento de Pessoal de N\u00edvel Superior (Capes), \u00e9 o que faltava para que fech\u00e1ssemos 2021 honrando os compromissos com a forma\u00e7\u00e3o de professores para a educa\u00e7\u00e3o b\u00e1sica\u201d, afirmou Cl\u00e1udia Queda de Toledo, presidente da institui\u00e7\u00e3o. \u201cEstamos empenhados na recomposi\u00e7\u00e3o or\u00e7ament\u00e1ria para que, no ano de 2022, consigamos pagar tudo em dia e sem precisar de cr\u00e9ditos adicionais\u201d, afirmou.<\/p>\n\n\n\n<p>As verbas garantem o pagamento das bolsas dos programas at\u00e9 dezembro de 2021. O dinheiro complementa as verbas autorizadas pela Lei&nbsp; n\u00ba 14.241 de 2021, sancionada na \u00faltima segunda-feira (22) e que foi alocada para o pagamento de bolsas referente ao m\u00eas de setembro e outubro.<\/p>\n","protected":false},"excerpt":{"rendered":"<p>O presidente Jair Bolsonaro sancionou hoje (26) o Projeto de Lei&nbsp; n\u00ba 31, que garante<\/p>\n","protected":false},"author":2,"featured_media":25501,"comment_status":"open","ping_status":"open","sticky":false,"template":"","format":"standard","meta":{"footnotes":""},"categories":[19,17],"tags":[],"class_list":["post-25500","post","type-post","status-publish","format-standard","has-post-thumbnail","hentry","category-educacao","category-outras-noticias"],"_links":{"self":[{"href":"https:\/\/tvc16.com\/portal\/wp-json\/wp\/v2\/posts\/25500","targetHints":{"allow":["GET"]}}],"collection":[{"href":"https:\/\/tvc16.com\/portal\/wp-json\/wp\/v2\/posts"}],"about":[{"href":"https:\/\/tvc16.com\/portal\/wp-json\/wp\/v2\/types\/post"}],"author":[{"embeddable":true,"href":"https:\/\/tvc16.com\/portal\/wp-json\/wp\/v2\/users\/2"}],"replies":[{"embeddable":true,"href":"https:\/\/tvc16.com\/portal\/wp-json\/wp\/v2\/comments?post=25500"}],"version-history":[{"count":1,"href":"https:\/\/tvc16.com\/portal\/wp-json\/wp\/v2\/posts\/25500\/revisions"}],"predecessor-version":[{"id":25502,"href":"https:\/\/tvc16.com\/portal\/wp-json\/wp\/v2\/posts\/25500\/revisions\/25502"}],"wp:featuredmedia":[{"embeddable":true,"href":"https:\/\/tvc16.com\/portal\/wp-json\/wp\/v2\/media\/25501"}],"wp:attachment":[{"href":"https:\/\/tvc16.com\/portal\/wp-json\/wp\/v2\/media?parent=25500"}],"wp:term":[{"taxonomy":"category","embeddable":true,"href":"https:\/\/tvc16.com\/portal\/wp-json\/wp\/v2\/categories?post=25500"},{"taxonomy":"post_tag","embeddable":true,"href":"https:\/\/tvc16.com\/portal\/wp-json\/wp\/v2\/tags?post=25500"}],"curies":[{"name":"wp","href":"https:\/\/api.w.org\/{rel}","templated":true}]}}