{"id":25513,"date":"2021-11-29T12:05:11","date_gmt":"2021-11-29T15:05:11","guid":{"rendered":"https:\/\/tvc16.com\/portal\/?p=25513"},"modified":"2021-11-29T12:05:13","modified_gmt":"2021-11-29T15:05:13","slug":"policia-civil-prende-homem-que-matou-a-filha-de-5-meses-em-duque-de-caxias","status":"publish","type":"post","link":"https:\/\/tvc16.com\/portal\/2021\/11\/29\/policia-civil-prende-homem-que-matou-a-filha-de-5-meses-em-duque-de-caxias\/","title":{"rendered":"Pol\u00edcia Civil prende homem que matou a filha de 5 meses em Duque de Caxias"},"content":{"rendered":"\n<p><em><em>Contra ele tamb\u00e9m foi cumprido um mandado de pris\u00e3o pelo crime de persegui\u00e7\u00e3o contra sua companheira<\/em><\/em><\/p>\n\n\n\n<p>Policiais civis da Delegacia de Atendimento \u00e0 Mulher (Deam) de Duque de Caxias prenderam, neste domingo (28\/11), um homem pelo crime de homic\u00eddio qualificado cometido contra sua filha, de 5 meses. Ele foi capturado em Duque de Caxias, na Baixada Fluminense, ap\u00f3s monitoramento do servi\u00e7o de intelig\u00eancia da unidade.<\/p>\n\n\n\n<p>Segundo os agentes, o criminoso j\u00e1 estava sendo investigado por crimes relacionados \u00e0 viol\u00eancia dom\u00e9stica contra sua companheira, que saiu de casa ap\u00f3s ser amea\u00e7ada de morte. O homem amea\u00e7ou, inclusive, matar a filha caso a mulher procurasse a pol\u00edcia para notificar as agress\u00f5es sofridas durante o relacionamento. No \u00faltimo dia 26, ele pegou a crian\u00e7a e, durante uma crise de raiva porque ela n\u00e3o parava de chorar, jogou a menina no ch\u00e3o. A beb\u00ea foi encaminhada ao hospital, mas n\u00e3o resistiu aos ferimentos.<\/p>\n\n\n\n<p>Em depoimento, o homem confessou o crime friamente. Contra ele tamb\u00e9m foi cumprido um mandado de pris\u00e3o por persegui\u00e7\u00e3o contra a companheira. Ainda de acordo com os policiais, ele \u00e9 usu\u00e1rio de drogas e j\u00e1 foi preso por tr\u00e1fico de entorpecentes.<\/p>\n\n\n\n<p>Foto: Ag\u00eancia Brasil<strong><br><\/strong><\/p>\n","protected":false},"excerpt":{"rendered":"<p>Contra ele tamb\u00e9m foi cumprido um mandado de pris\u00e3o pelo crime de persegui\u00e7\u00e3o contra sua<\/p>\n","protected":false},"author":2,"featured_media":25514,"comment_status":"open","ping_status":"open","sticky":false,"template":"","format":"standard","meta":{"footnotes":""},"categories":[17],"tags":[],"class_list":["post-25513","post","type-post","status-publish","format-standard","has-post-thumbnail","hentry","category-outras-noticias"],"_links":{"self":[{"href":"https:\/\/tvc16.com\/portal\/wp-json\/wp\/v2\/posts\/25513","targetHints":{"allow":["GET"]}}],"collection":[{"href":"https:\/\/tvc16.com\/portal\/wp-json\/wp\/v2\/posts"}],"about":[{"href":"https:\/\/tvc16.com\/portal\/wp-json\/wp\/v2\/types\/post"}],"author":[{"embeddable":true,"href":"https:\/\/tvc16.com\/portal\/wp-json\/wp\/v2\/users\/2"}],"replies":[{"embeddable":true,"href":"https:\/\/tvc16.com\/portal\/wp-json\/wp\/v2\/comments?post=25513"}],"version-history":[{"count":1,"href":"https:\/\/tvc16.com\/portal\/wp-json\/wp\/v2\/posts\/25513\/revisions"}],"predecessor-version":[{"id":25515,"href":"https:\/\/tvc16.com\/portal\/wp-json\/wp\/v2\/posts\/25513\/revisions\/25515"}],"wp:featuredmedia":[{"embeddable":true,"href":"https:\/\/tvc16.com\/portal\/wp-json\/wp\/v2\/media\/25514"}],"wp:attachment":[{"href":"https:\/\/tvc16.com\/portal\/wp-json\/wp\/v2\/media?parent=25513"}],"wp:term":[{"taxonomy":"category","embeddable":true,"href":"https:\/\/tvc16.com\/portal\/wp-json\/wp\/v2\/categories?post=25513"},{"taxonomy":"post_tag","embeddable":true,"href":"https:\/\/tvc16.com\/portal\/wp-json\/wp\/v2\/tags?post=25513"}],"curies":[{"name":"wp","href":"https:\/\/api.w.org\/{rel}","templated":true}]}}