{"id":2553,"date":"2020-10-12T15:11:54","date_gmt":"2020-10-12T15:11:54","guid":{"rendered":"https:\/\/tvc16.com\/portal\/?p=2553"},"modified":"2020-10-12T15:11:54","modified_gmt":"2020-10-12T15:11:54","slug":"egua-encontrada-desnutrida-no-neylor-e-sacrificada","status":"publish","type":"post","link":"https:\/\/tvc16.com\/portal\/2020\/10\/12\/egua-encontrada-desnutrida-no-neylor-e-sacrificada\/","title":{"rendered":"\u00c9gua encontrada desnutrida no Neylor \u00e9 sacrificada"},"content":{"rendered":"\n<p>A Coordenadoria do Bem Estar Animal foi acionada no domingo (11) para socorrer uma \u00e9gua, na Comunidade do Neylor. O \u00f3rg\u00e3o compareceu ao local junto com a Guarda Civil e a Pol\u00edcia Militar. L\u00e1 eles constataram que o animal estava desnutrido e com uma das patas quebradas. Diante disso, o veterin\u00e1rio da COBEA, que acompanhou a a\u00e7\u00e3o, diagnosticou a necessidade de eutan\u00e1sia devido ao estado debilitado da \u00e9gua.<\/p>\n\n\n\n<figure class=\"wp-block-image size-large\"><img loading=\"lazy\" decoding=\"async\" width=\"768\" height=\"1024\" src=\"https:\/\/tvc16.com\/portal\/wp-content\/uploads\/2020\/10\/IMG-20201012-WA0032-768x1024.jpg\" alt=\"\" class=\"wp-image-2555\" srcset=\"https:\/\/tvc16.com\/portal\/wp-content\/uploads\/2020\/10\/IMG-20201012-WA0032-768x1024.jpg 768w, https:\/\/tvc16.com\/portal\/wp-content\/uploads\/2020\/10\/IMG-20201012-WA0032-225x300.jpg 225w, https:\/\/tvc16.com\/portal\/wp-content\/uploads\/2020\/10\/IMG-20201012-WA0032.jpg 960w\" sizes=\"auto, (max-width: 768px) 100vw, 768px\" \/><\/figure>\n\n\n\n<p>O dono do terreno, onde a \u00e9gua estava, n\u00e3o foi localizado. Vale ressaltar que o animal teve um filhote que tamb\u00e9m n\u00e3o resistiu. Outro cavalo, que estava na \u00e1rea particular foi removido para o Curral Municipal para que seja verificado seu estado.<\/p>\n","protected":false},"excerpt":{"rendered":"<p>A Coordenadoria do Bem Estar Animal foi acionada no domingo (11) para socorrer uma \u00e9gua,<\/p>\n","protected":false},"author":2,"featured_media":2554,"comment_status":"open","ping_status":"open","sticky":false,"template":"","format":"standard","meta":{"footnotes":""},"categories":[12],"tags":[],"class_list":["post-2553","post","type-post","status-publish","format-standard","has-post-thumbnail","hentry","category-cidade"],"_links":{"self":[{"href":"https:\/\/tvc16.com\/portal\/wp-json\/wp\/v2\/posts\/2553","targetHints":{"allow":["GET"]}}],"collection":[{"href":"https:\/\/tvc16.com\/portal\/wp-json\/wp\/v2\/posts"}],"about":[{"href":"https:\/\/tvc16.com\/portal\/wp-json\/wp\/v2\/types\/post"}],"author":[{"embeddable":true,"href":"https:\/\/tvc16.com\/portal\/wp-json\/wp\/v2\/users\/2"}],"replies":[{"embeddable":true,"href":"https:\/\/tvc16.com\/portal\/wp-json\/wp\/v2\/comments?post=2553"}],"version-history":[{"count":1,"href":"https:\/\/tvc16.com\/portal\/wp-json\/wp\/v2\/posts\/2553\/revisions"}],"predecessor-version":[{"id":2556,"href":"https:\/\/tvc16.com\/portal\/wp-json\/wp\/v2\/posts\/2553\/revisions\/2556"}],"wp:featuredmedia":[{"embeddable":true,"href":"https:\/\/tvc16.com\/portal\/wp-json\/wp\/v2\/media\/2554"}],"wp:attachment":[{"href":"https:\/\/tvc16.com\/portal\/wp-json\/wp\/v2\/media?parent=2553"}],"wp:term":[{"taxonomy":"category","embeddable":true,"href":"https:\/\/tvc16.com\/portal\/wp-json\/wp\/v2\/categories?post=2553"},{"taxonomy":"post_tag","embeddable":true,"href":"https:\/\/tvc16.com\/portal\/wp-json\/wp\/v2\/tags?post=2553"}],"curies":[{"name":"wp","href":"https:\/\/api.w.org\/{rel}","templated":true}]}}