{"id":2558,"date":"2020-10-13T01:03:25","date_gmt":"2020-10-13T01:03:25","guid":{"rendered":"https:\/\/tvc16.com\/portal\/?p=2558"},"modified":"2020-10-13T01:32:31","modified_gmt":"2020-10-13T01:32:31","slug":"brasil-acumula-51-milhoes-de-casos-e-150-689-mortes-por-covid-19","status":"publish","type":"post","link":"https:\/\/tvc16.com\/portal\/2020\/10\/13\/brasil-acumula-51-milhoes-de-casos-e-150-689-mortes-por-covid-19\/","title":{"rendered":"Brasil acumula 5,1 milh\u00f5es de casos e 150.689 mortes por covid-19"},"content":{"rendered":"\n<p>Do total de infectados quase 4,5 milh\u00f5es est\u00e3o recuperados<\/p>\n\n\n\n<h4 class=\"wp-block-heading\">Por Pedro Rafael Vilela &#8211; Rep\u00f3rter da Ag\u00eancia Brasil* &#8211; Bras\u00edlia<\/h4>\n\n\n\n<p>O Minist\u00e9rio da Sa\u00fade atualizou nesta segunda-feira (12), feriado nacional, o boletim de casos de&nbsp;covid-19 no Brasil. Com 201 novos \u00f3bitos registrados em&nbsp;24 horas, o pa\u00eds soma 150.689 mortes pela doen\u00e7a. O n\u00famero acumulado de infectados desde o in\u00edcio da pandemia \u00e9 de de 5.103.408.&nbsp;<img decoding=\"async\" src=\"https:\/\/agenciabrasil.ebc.com.br\/ebc.png?id=1390450&amp;o=node\"><img decoding=\"async\" src=\"https:\/\/agenciabrasil.ebc.com.br\/ebc.gif?id=1390450&amp;o=node\"><\/p>\n\n\n\n<figure class=\"wp-block-image\"><img decoding=\"async\" src=\"https:\/\/imagens.ebc.com.br\/SvKDA-bq8SQmMROfxb-ftMlnpxA=\/754x0\/smart\/https:\/\/agenciabrasil.ebc.com.br\/sites\/default\/files\/thumbnails\/image\/whatsapp_image_2020-10-12_at_18.03.55.jpeg?itok=NGNA8wtn\" alt=\"Situa\u00e7\u00e3o epidemiol\u00f3gica da Covid-19 no Brasil 12\/10\/2020\" title=\"Divulga\u00e7\u00e3o\/Minist\u00e9rio da Sa\u00fade\"\/><\/figure>\n\n\n\n<h6 class=\"wp-block-heading\">Situa\u00e7\u00e3o epidemiol\u00f3gica da Covid-19 no Brasil 12\/10\/2020 &#8211;&nbsp;<strong>Divulga\u00e7\u00e3o\/Minist\u00e9rio da Sa\u00fade<\/strong><\/h6>\n\n\n\n<p>Do total de infectados desde o in\u00edcio da pandemia em todo o pa\u00eds, quase 4,5 milh\u00f5es est\u00e3o recuperados e outras 457 mil seguem em tratamento.&nbsp;<\/p>\n\n\n\n<p>A taxa de letalidade est\u00e1 em 3% e a mortalidade por 100 mil habitantes est\u00e1 em 71,7. A incid\u00eancia de casos do novo coronav\u00edrus por 100 mil habitantes \u00e9 de 2.428,5.<\/p>\n\n\n\n<h2 class=\"wp-block-heading\">Estados<\/h2>\n\n\n\n<p>O estado de S\u00e3o Paulo tem o maior n\u00famero de diagn\u00f3sticos da doen\u00e7a. Desde o in\u00edcio da pandemia at\u00e9&nbsp;hoje, o estado de S\u00e3o Paulo&nbsp;soma 1.038.344 casos confirmados do novo coronav\u00edrus, com 37.279 mortes. Do total de casos confirmados, 920.961 pessoas&nbsp;est\u00e3o recuperadas da doen\u00e7a. Em todo o estado, 8.702 pessoas est\u00e3o internadas em casos suspeitos ou confirmados do novo coronav\u00edrus, sendo que 4.251 delas est\u00e3o em estado grave. A taxa de ocupa\u00e7\u00e3o de leitos de unidades de terapia intensiva (UTI) \u00e9 de 42,9% no estado e de 41,1% na Grande S\u00e3o Paulo.<\/p>\n\n\n\n<p>Em seguida vem a Bahia (326.634 casos e 7.159 \u00f3bitos), Minas Gerais (323.967 casos e 8.130 mortes) e Rio de Janeiro (283.858 casos e 19.312 \u00f3bitos).<\/p>\n\n\n\n<p>O Acre \u00e9 o estado com menor n\u00famero de infectados, com 29.063 casos e 675 mortes, seguido pelo Amap\u00e1 (49.424 casos e 726 \u00f3bitos), Roraima (52.659 infec\u00e7\u00f5es e 670 mortes) e Rond\u00f4nia (67.973 casos e 1.398 \u00f3bitos).<\/p>\n\n\n\n<p>*Colaborou Elaine Patr\u00edcia Cruz<\/p>\n\n\n\n<p>Edi\u00e7\u00e3o: Aline Leal<\/p>\n","protected":false},"excerpt":{"rendered":"<p>Do total de infectados quase 4,5 milh\u00f5es est\u00e3o recuperados Por Pedro Rafael Vilela &#8211; Rep\u00f3rter<\/p>\n","protected":false},"author":2,"featured_media":2559,"comment_status":"open","ping_status":"open","sticky":false,"template":"","format":"standard","meta":{"footnotes":""},"categories":[14],"tags":[],"class_list":["post-2558","post","type-post","status-publish","format-standard","has-post-thumbnail","hentry","category-pais"],"_links":{"self":[{"href":"https:\/\/tvc16.com\/portal\/wp-json\/wp\/v2\/posts\/2558","targetHints":{"allow":["GET"]}}],"collection":[{"href":"https:\/\/tvc16.com\/portal\/wp-json\/wp\/v2\/posts"}],"about":[{"href":"https:\/\/tvc16.com\/portal\/wp-json\/wp\/v2\/types\/post"}],"author":[{"embeddable":true,"href":"https:\/\/tvc16.com\/portal\/wp-json\/wp\/v2\/users\/2"}],"replies":[{"embeddable":true,"href":"https:\/\/tvc16.com\/portal\/wp-json\/wp\/v2\/comments?post=2558"}],"version-history":[{"count":1,"href":"https:\/\/tvc16.com\/portal\/wp-json\/wp\/v2\/posts\/2558\/revisions"}],"predecessor-version":[{"id":2560,"href":"https:\/\/tvc16.com\/portal\/wp-json\/wp\/v2\/posts\/2558\/revisions\/2560"}],"wp:featuredmedia":[{"embeddable":true,"href":"https:\/\/tvc16.com\/portal\/wp-json\/wp\/v2\/media\/2559"}],"wp:attachment":[{"href":"https:\/\/tvc16.com\/portal\/wp-json\/wp\/v2\/media?parent=2558"}],"wp:term":[{"taxonomy":"category","embeddable":true,"href":"https:\/\/tvc16.com\/portal\/wp-json\/wp\/v2\/categories?post=2558"},{"taxonomy":"post_tag","embeddable":true,"href":"https:\/\/tvc16.com\/portal\/wp-json\/wp\/v2\/tags?post=2558"}],"curies":[{"name":"wp","href":"https:\/\/api.w.org\/{rel}","templated":true}]}}