{"id":25663,"date":"2021-12-01T07:00:00","date_gmt":"2021-12-01T10:00:00","guid":{"rendered":"https:\/\/tvc16.com\/portal\/?p=25663"},"modified":"2021-11-30T19:15:04","modified_gmt":"2021-11-30T22:15:04","slug":"prefeitura-adquire-dois-mil-tablets-para-estudantes-da-rede-municipal-de-paraiba-do-sul","status":"publish","type":"post","link":"https:\/\/tvc16.com\/portal\/2021\/12\/01\/prefeitura-adquire-dois-mil-tablets-para-estudantes-da-rede-municipal-de-paraiba-do-sul\/","title":{"rendered":"Prefeitura adquire dois mil tablets para estudantes da Rede Municipal de Para\u00edba do Sul"},"content":{"rendered":"\n<p>A Secretaria Municipal de Educa\u00e7\u00e3o recebeu na \u00faltima segunda-feira (29\/11) os dois mil tablets que ser\u00e3o entregues aos estudantes do 1\u00ba ao 3\u00ba ano de escolaridade (6 a 8 anos) da Rede Municipal de Ensino de Para\u00edba do Sul.<\/p>\n\n\n\n<p>Os tablets ser\u00e3o distribu\u00eddos nas unidades escolares no in\u00edcio do pr\u00f3ximo ano letivo, em fevereiro de 2022. Os equipamentos eletr\u00f4nicos oferecer\u00e3o acesso tecnol\u00f3gico aos estudantes, colaborando para promover a inclus\u00e3o digital na educa\u00e7\u00e3o municipal.<\/p>\n\n\n\n<p>Para a aquisi\u00e7\u00e3o dos tablets, foram investidos 1 milh\u00e3o e 400 mil reais atrav\u00e9s de recursos da Prefeitura. Os tablets possuem 4 gigabytes de mem\u00f3ria RAM e 32 gigabytes de mem\u00f3ria interna, Wi-fi, entrada para cart\u00e3o de mem\u00f3ria e chip telef\u00f4nico, entrada USB tipo C e c\u00e2meras frontal e traseira.<\/p>\n\n\n\n<p>Para atender \u00e0 demanda de acesso digital dos estudantes do 4\u00ba ao 9\u00ba ano de escolaridade, a Prefeitura tamb\u00e9m far\u00e1 a compra de notebooks que ser\u00e3o licitados e entregues ao munic\u00edpio em 2022.<\/p>\n\n\n\n<p>\u201cA educa\u00e7\u00e3o \u00e9 prioridade sempre! Estamos investindo muito para que nossos estudantes tenham acesso ao melhor. Nosso governo n\u00e3o trabalha com nada que seja mais ou menos. Se temos o recurso, vamos investi-lo para que a educa\u00e7\u00e3o possa ter inclus\u00e3o digital, transporte escolar seguro, escolas reformadas e ensino p\u00fablico popular de qualidade\u201d \u2013 disse a prefeita Dayse Onofre.<\/p>\n","protected":false},"excerpt":{"rendered":"<p>A Secretaria Municipal de Educa\u00e7\u00e3o recebeu na \u00faltima segunda-feira (29\/11) os dois mil tablets que<\/p>\n","protected":false},"author":2,"featured_media":25664,"comment_status":"open","ping_status":"open","sticky":false,"template":"","format":"standard","meta":{"footnotes":""},"categories":[19,17],"tags":[],"class_list":["post-25663","post","type-post","status-publish","format-standard","has-post-thumbnail","hentry","category-educacao","category-outras-noticias"],"_links":{"self":[{"href":"https:\/\/tvc16.com\/portal\/wp-json\/wp\/v2\/posts\/25663","targetHints":{"allow":["GET"]}}],"collection":[{"href":"https:\/\/tvc16.com\/portal\/wp-json\/wp\/v2\/posts"}],"about":[{"href":"https:\/\/tvc16.com\/portal\/wp-json\/wp\/v2\/types\/post"}],"author":[{"embeddable":true,"href":"https:\/\/tvc16.com\/portal\/wp-json\/wp\/v2\/users\/2"}],"replies":[{"embeddable":true,"href":"https:\/\/tvc16.com\/portal\/wp-json\/wp\/v2\/comments?post=25663"}],"version-history":[{"count":1,"href":"https:\/\/tvc16.com\/portal\/wp-json\/wp\/v2\/posts\/25663\/revisions"}],"predecessor-version":[{"id":25665,"href":"https:\/\/tvc16.com\/portal\/wp-json\/wp\/v2\/posts\/25663\/revisions\/25665"}],"wp:featuredmedia":[{"embeddable":true,"href":"https:\/\/tvc16.com\/portal\/wp-json\/wp\/v2\/media\/25664"}],"wp:attachment":[{"href":"https:\/\/tvc16.com\/portal\/wp-json\/wp\/v2\/media?parent=25663"}],"wp:term":[{"taxonomy":"category","embeddable":true,"href":"https:\/\/tvc16.com\/portal\/wp-json\/wp\/v2\/categories?post=25663"},{"taxonomy":"post_tag","embeddable":true,"href":"https:\/\/tvc16.com\/portal\/wp-json\/wp\/v2\/tags?post=25663"}],"curies":[{"name":"wp","href":"https:\/\/api.w.org\/{rel}","templated":true}]}}